{"id":70266,"date":"2024-03-13T19:36:19","date_gmt":"2024-03-13T22:36:19","guid":{"rendered":"https:\/\/vocesparalelas.com.ar\/sitio\/?p=70266"},"modified":"2024-03-15T00:31:59","modified_gmt":"2024-03-15T03:31:59","slug":"inscripcion-complementaria-interinatos-y-suplencias-2024-de-la-junta","status":"publish","type":"post","link":"https:\/\/vocesparalelas.com.ar\/sitio\/inscripcion-complementaria-interinatos-y-suplencias-2024-de-la-junta\/","title":{"rendered":"Inscripci\u00f3n complementaria Interinatos y Suplencias 2024 de la Junta"},"content":{"rendered":"<p>La Junta de Clasificaci\u00f3n Docente Rama Primaria del Ministerio de Educaci\u00f3n del Gobierno de San Juan informa que, mediante Resoluci\u00f3n N\u00ba 03198-ME-2024, convoca a los docentes a la inscripci\u00f3n complementaria de Interinatos y Suplencias 2024, por antecedentes y m\u00e9ritos, a fin de cubrir cargos en todas las especialidades del primer grado del escalaf\u00f3n docente.<\/p>\n<p>Los interesados pueden solicitar turno del 15 al 31 de Marzo inclusive, a trav\u00e9s de la p\u00e1gina educaci\u00f3n.sanjuan.gob.ar<\/p>\n<p>La convocatoria es solo para quienes obtuvieron su t\u00edtulo desde junio de 2023 y hasta el 31 de marzo 2024 y a los aspirantes que prueben, fehacientemente, haber estado fuera de la provincia a la fecha de inscripci\u00f3n.<\/p>\n<p>Con el turno asignado deben presentarse el d\u00eda y horario establecido en la sede la Junta ubicada en calle Tucum\u00e1n 75 norte, Capital.<\/p>\n<p>Al momento de la inscripci\u00f3n, los docentes deben presentar su documentaci\u00f3n completa, en una carpeta tipo bibliorato oficio (lomo angosto).<\/p>\n<p>Para consultas o mayor informaci\u00f3n, comunicarse, de 8 a 13 hs.; al 4302206, o en calle Tucum\u00e1n 75 &#8211; N &#8211; Capital.<\/p>\n<p><span style=\"color: #339966;\"><strong>Documentaci\u00f3n<\/strong><\/span><\/p>\n<p>a- Constancia de turno.<\/p>\n<p>b- DNI o certificaci\u00f3n de DNI en tr\u00e1mite.<\/p>\n<p>c- Declaraci\u00f3n Jurada de Cargos (firmada por el docente y\/o la autoridad competente en Educaci\u00f3n Privada, u otros organismos p\u00fablicos).<\/p>\n<p>d- Copia legalizada del o los t\u00edtulos registrado\/s por la Oficina de T\u00edtulos y Legalizaciones \u2013y\/o t\u00edtulos o documentaci\u00f3n que resultan de la implementaci\u00f3n de la Resoluci\u00f3n CFE N\u00b0 440-23- o Certificado de Titulo en tr\u00e1mite o certificado donde conste de que ha aprobado y culminado la carrera respectiva, en la cual debe constar promedio general de la carrera y fecha de egreso, debidamente rubricado por la Instituci\u00f3n que lo otorga o en su defecto fotocopia del libro matriz rubricado por la Instituci\u00f3n donde figure fecha de egreso y promedio.<\/p>\n<p>e- Copia de los certificados legalizados y fotocopias de constancias de su actuaci\u00f3n profesional hasta el 31 de marzo del 2024 legalizada por la autoridad superior.<\/p>\n<p>&nbsp;<\/p>\n<p><img loading=\"lazy\" decoding=\"async\" class=\"alignnone size-full wp-image-28629\" src=\"https:\/\/vocesparalelas.com.ar\/sitio\/wp-content\/uploads\/2020\/05\/MINISTERIO-EDUCACION-SJ.jpg\" alt=\"\" width=\"800\" height=\"533\" srcset=\"https:\/\/vocesparalelas.com.ar\/sitio\/wp-content\/uploads\/2020\/05\/MINISTERIO-EDUCACION-SJ.jpg 800w, https:\/\/vocesparalelas.com.ar\/sitio\/wp-content\/uploads\/2020\/05\/MINISTERIO-EDUCACION-SJ-300x200.jpg 300w, https:\/\/vocesparalelas.com.ar\/sitio\/wp-content\/uploads\/2020\/05\/MINISTERIO-EDUCACION-SJ-768x512.jpg 768w\" sizes=\"auto, (max-width: 800px) 100vw, 800px\" \/><\/p>\n","protected":false},"excerpt":{"rendered":"<p>La Junta de Clasificaci\u00f3n Docente Rama Primaria del Ministerio de Educaci\u00f3n del Gobierno de San Juan informa que, mediante Resoluci\u00f3n<\/p>\n","protected":false},"author":3,"featured_media":5000,"comment_status":"closed","ping_status":"closed","sticky":false,"template":"","format":"standard","meta":{"_acf_changed":false,"_seopress_robots_primary_cat":"none","_seopress_titles_title":"","_seopress_titles_desc":"","_seopress_robots_index":"","colormag_page_container_layout":"default_layout","colormag_page_sidebar_layout":"default_layout","footnotes":""},"categories":[2],"tags":[],"class_list":["post-70266","post","type-post","status-publish","format-standard","has-post-thumbnail","hentry","category-convocatorias"],"acf":[],"_links":{"self":[{"href":"https:\/\/vocesparalelas.com.ar\/sitio\/wp-json\/wp\/v2\/posts\/70266","targetHints":{"allow":["GET"]}}],"collection":[{"href":"https:\/\/vocesparalelas.com.ar\/sitio\/wp-json\/wp\/v2\/posts"}],"about":[{"href":"https:\/\/vocesparalelas.com.ar\/sitio\/wp-json\/wp\/v2\/types\/post"}],"author":[{"embeddable":true,"href":"https:\/\/vocesparalelas.com.ar\/sitio\/wp-json\/wp\/v2\/users\/3"}],"replies":[{"embeddable":true,"href":"https:\/\/vocesparalelas.com.ar\/sitio\/wp-json\/wp\/v2\/comments?post=70266"}],"version-history":[{"count":1,"href":"https:\/\/vocesparalelas.com.ar\/sitio\/wp-json\/wp\/v2\/posts\/70266\/revisions"}],"predecessor-version":[{"id":70269,"href":"https:\/\/vocesparalelas.com.ar\/sitio\/wp-json\/wp\/v2\/posts\/70266\/revisions\/70269"}],"wp:featuredmedia":[{"embeddable":true,"href":"https:\/\/vocesparalelas.com.ar\/sitio\/wp-json\/wp\/v2\/media\/5000"}],"wp:attachment":[{"href":"https:\/\/vocesparalelas.com.ar\/sitio\/wp-json\/wp\/v2\/media?parent=70266"}],"wp:term":[{"taxonomy":"category","embeddable":true,"href":"https:\/\/vocesparalelas.com.ar\/sitio\/wp-json\/wp\/v2\/categories?post=70266"},{"taxonomy":"post_tag","embeddable":true,"href":"https:\/\/vocesparalelas.com.ar\/sitio\/wp-json\/wp\/v2\/tags?post=70266"}],"curies":[{"name":"wp","href":"https:\/\/api.w.org\/{rel}","templated":true}]}}