{"id":70257,"date":"2024-03-13T19:28:25","date_gmt":"2024-03-13T22:28:25","guid":{"rendered":"https:\/\/vocesparalelas.com.ar\/sitio\/?p=70257"},"modified":"2024-03-15T00:54:55","modified_gmt":"2024-03-15T03:54:55","slug":"entregan-el-modulo-sin-tacc-para-celiacos-de-san-juan","status":"publish","type":"post","link":"https:\/\/vocesparalelas.com.ar\/sitio\/entregan-el-modulo-sin-tacc-para-celiacos-de-san-juan\/","title":{"rendered":"Entregan el m\u00f3dulo sin TACC para celiacos de San Juan"},"content":{"rendered":"<p>El Gobierno de San Juan, a trav\u00e9s de la\u00a0Direcci\u00f3n de Emergencia y Pol\u00edticas Alimentarias\u00a0dependiente del Ministerio de Familia y Desarrollo Humano, comienza la entrega del m\u00f3dulo para personas con patolog\u00eda cel\u00edaca sin cobertura de obra social, que previamente acreditaron su diagn\u00f3stico al Programa Nacional de Asistencia al Celiaco.<\/p>\n<p>En este sentido, desde Martes, 19 al Jueves, 21 de Marzo, se realiza la entrega de los m\u00f3dulos de celiaqu\u00eda, que se pueden retirar de la Direcci\u00f3n de Juventudes, Santa Fe, 321 &#8211; E &#8211; Capital, de 8 a 12 horas.<\/p>\n<p>El beneficio est\u00e1 destinada a 1192 beneficiarios previamente empadronados, pertenecientes a los departamentos de Capital, Rawson, Santa Luc\u00eda, Pocito, Chimbas, Rivadavia y Albard\u00f3n.<\/p>\n<p>En el resto de los departamentos, cada comuna es responsable de coordinar dicha entrega con sus correspondientes beneficiarios, garantizando as\u00ed el complemento alimentario sin gluten a los sujetos de derecho.<\/p>\n<p>Esta asistencia se cumple, mediante la entrega de m\u00f3dulos conformados por productos de primera calidad tales como, alimentos listos para consumir, harinas, aceite, leche y premezclas para la elaboraci\u00f3n de recetas alimentarias en el hogar. Es importante destacar que se trata de productos sin TACC (trigo, avena, cebada y centeno) para su apto consumo.<\/p>\n<p>Esta iniciativa que lleva adelante el Gobierno de la Provincia de San Juan, est\u00e1 destinada a contener a los sujetos de derecho que se encuentran en situaci\u00f3n de vulnerabilidad socioecon\u00f3mica y que no cuentan con cobertura de obra social.<\/p>\n<p>&nbsp;<\/p>\n<p>&nbsp;<\/p>\n<p>&nbsp;<\/p>\n","protected":false},"excerpt":{"rendered":"<p>El Gobierno de San Juan, a trav\u00e9s de la\u00a0Direcci\u00f3n de Emergencia y Pol\u00edticas Alimentarias\u00a0dependiente del Ministerio de Familia y Desarrollo<\/p>\n","protected":false},"author":3,"featured_media":37818,"comment_status":"closed","ping_status":"closed","sticky":false,"template":"","format":"standard","meta":{"_acf_changed":false,"_seopress_robots_primary_cat":"none","_seopress_titles_title":"","_seopress_titles_desc":"","_seopress_robots_index":"","colormag_page_container_layout":"default_layout","colormag_page_sidebar_layout":"default_layout","footnotes":""},"categories":[6],"tags":[],"class_list":["post-70257","post","type-post","status-publish","format-standard","has-post-thumbnail","hentry","category-eventos"],"acf":[],"_links":{"self":[{"href":"https:\/\/vocesparalelas.com.ar\/sitio\/wp-json\/wp\/v2\/posts\/70257","targetHints":{"allow":["GET"]}}],"collection":[{"href":"https:\/\/vocesparalelas.com.ar\/sitio\/wp-json\/wp\/v2\/posts"}],"about":[{"href":"https:\/\/vocesparalelas.com.ar\/sitio\/wp-json\/wp\/v2\/types\/post"}],"author":[{"embeddable":true,"href":"https:\/\/vocesparalelas.com.ar\/sitio\/wp-json\/wp\/v2\/users\/3"}],"replies":[{"embeddable":true,"href":"https:\/\/vocesparalelas.com.ar\/sitio\/wp-json\/wp\/v2\/comments?post=70257"}],"version-history":[{"count":1,"href":"https:\/\/vocesparalelas.com.ar\/sitio\/wp-json\/wp\/v2\/posts\/70257\/revisions"}],"predecessor-version":[{"id":70260,"href":"https:\/\/vocesparalelas.com.ar\/sitio\/wp-json\/wp\/v2\/posts\/70257\/revisions\/70260"}],"wp:featuredmedia":[{"embeddable":true,"href":"https:\/\/vocesparalelas.com.ar\/sitio\/wp-json\/wp\/v2\/media\/37818"}],"wp:attachment":[{"href":"https:\/\/vocesparalelas.com.ar\/sitio\/wp-json\/wp\/v2\/media?parent=70257"}],"wp:term":[{"taxonomy":"category","embeddable":true,"href":"https:\/\/vocesparalelas.com.ar\/sitio\/wp-json\/wp\/v2\/categories?post=70257"},{"taxonomy":"post_tag","embeddable":true,"href":"https:\/\/vocesparalelas.com.ar\/sitio\/wp-json\/wp\/v2\/tags?post=70257"}],"curies":[{"name":"wp","href":"https:\/\/api.w.org\/{rel}","templated":true}]}}