{"id":70251,"date":"2024-03-13T13:43:53","date_gmt":"2024-03-13T16:43:53","guid":{"rendered":"https:\/\/vocesparalelas.com.ar\/sitio\/?p=70251"},"modified":"2024-03-15T00:55:31","modified_gmt":"2024-03-15T03:55:31","slug":"la-tercera-propuesta-de-aumento-salarial-para-los-docentes-de-san-juan-es-el-definitivo","status":"publish","type":"post","link":"https:\/\/vocesparalelas.com.ar\/sitio\/la-tercera-propuesta-de-aumento-salarial-para-los-docentes-de-san-juan-es-el-definitivo\/","title":{"rendered":"\u00abLa tercera propuesta de aumento salarial para los docentes de San Juan es el definitivo\u00bb"},"content":{"rendered":"<p>La reuni\u00f3n entre el Gobierno de San Juan y los gremios docentes UDAP, UDA y AMET se extendi\u00f3 hasta la madrugada del Mi\u00e9rcoles,\u00a0 13 de Marzo y continu\u00f3 durante la ma\u00f1ana.<\/p>\n<p>Es importante recordar que en este contexto, el Gobierno de San Juan ofreci\u00f3 a los docentes dos propuestas de aumento salarial para Marzo de 2024:<\/p>\n<ul>\n<li>15 % de aumento al valor \u00edndice m\u00e1s un bono de $50.000 para cada docente y m\u00e1s FONID y Conectividad.<\/li>\n<li>17 % al valor \u00edndice m\u00e1s un bono de $25.000 pesos para cada docente y m\u00e1s FONID y Conectividad.<\/li>\n<\/ul>\n<p>Ambas propuesta fueron rechazadas a una sola voz a trav\u00e9s de del plenarios y con mandato escrito.<\/p>\n<p><span style=\"color: #339966;\"><strong>Tercera Propuesta<\/strong><\/span><\/p>\n<p>En este contexto,\u00a0recibieron un tercer ofrecimiento que consiste en una suba del 17% al valor \u00edndice, acumulando un 32%, en total, respecto a los haberes de Enero de 2024.\u00a0 A esto se le suma un bono de $35.000 para Marzo y $40.000 por FONID y Conectividad.<\/p>\n<p><img loading=\"lazy\" decoding=\"async\" class=\"alignnone size-full wp-image-70254\" src=\"https:\/\/vocesparalelas.com.ar\/sitio\/wp-content\/uploads\/2024\/03\/SAN-JUAN-PARITARIA-12-03.jpg\" alt=\"\" width=\"800\" height=\"464\" srcset=\"https:\/\/vocesparalelas.com.ar\/sitio\/wp-content\/uploads\/2024\/03\/SAN-JUAN-PARITARIA-12-03.jpg 800w, https:\/\/vocesparalelas.com.ar\/sitio\/wp-content\/uploads\/2024\/03\/SAN-JUAN-PARITARIA-12-03-300x174.jpg 300w, https:\/\/vocesparalelas.com.ar\/sitio\/wp-content\/uploads\/2024\/03\/SAN-JUAN-PARITARIA-12-03-768x445.jpg 768w\" sizes=\"auto, (max-width: 800px) 100vw, 800px\" \/><\/p>\n<p>El ofrecimiento del Gobierno de San Juan es el m\u00e1ximo lo que puede ofrecer frente a la Situaci\u00f3n Econ\u00f3mica de Argentina y con la inflaci\u00f3n que no permite dar tregua a ning\u00fan sueldo.<\/p>\n<p>Por ello el Gobernador de San Juan, Dr. Marcelo Orrego enfatiz\u00f3 que \u00abla tercera propuesta de aumento salarial para los docentes de San Juan es el definitivo porque no se trata de comprometer lo que no tenemos. Es lo que podemos cumplir y los docentes deben ser colaborativos y comprensivos. Es la realidad que sufren los habitantes. No quiero comprometer mi palabra con una oferta que no podemos pagar\u00bb.<\/p>\n<p><iframe loading=\"lazy\" title=\"SAN JUAN GOBERNADOR DR MARCELO ORREGO\" width=\"800\" height=\"450\" src=\"https:\/\/www.youtube.com\/embed\/mu5IxPlqcNc?feature=oembed\" frameborder=\"0\" allow=\"accelerometer; autoplay; clipboard-write; encrypted-media; gyroscope; picture-in-picture; web-share\" allowfullscreen><\/iframe><\/p>\n<p>&nbsp;<\/p>\n<p>&nbsp;<\/p>\n<p>&nbsp;<\/p>\n","protected":false},"excerpt":{"rendered":"<p>La reuni\u00f3n entre el Gobierno de San Juan y los gremios docentes UDAP, UDA y AMET se extendi\u00f3 hasta la<\/p>\n","protected":false},"author":3,"featured_media":70255,"comment_status":"closed","ping_status":"closed","sticky":false,"template":"","format":"standard","meta":{"_acf_changed":false,"_seopress_robots_primary_cat":"none","_seopress_titles_title":"","_seopress_titles_desc":"","_seopress_robots_index":"","colormag_page_container_layout":"default_layout","colormag_page_sidebar_layout":"default_layout","footnotes":""},"categories":[5,7],"tags":[],"class_list":["post-70251","post","type-post","status-publish","format-standard","has-post-thumbnail","hentry","category-ofrecimientos","category-videos"],"acf":[],"_links":{"self":[{"href":"https:\/\/vocesparalelas.com.ar\/sitio\/wp-json\/wp\/v2\/posts\/70251","targetHints":{"allow":["GET"]}}],"collection":[{"href":"https:\/\/vocesparalelas.com.ar\/sitio\/wp-json\/wp\/v2\/posts"}],"about":[{"href":"https:\/\/vocesparalelas.com.ar\/sitio\/wp-json\/wp\/v2\/types\/post"}],"author":[{"embeddable":true,"href":"https:\/\/vocesparalelas.com.ar\/sitio\/wp-json\/wp\/v2\/users\/3"}],"replies":[{"embeddable":true,"href":"https:\/\/vocesparalelas.com.ar\/sitio\/wp-json\/wp\/v2\/comments?post=70251"}],"version-history":[{"count":1,"href":"https:\/\/vocesparalelas.com.ar\/sitio\/wp-json\/wp\/v2\/posts\/70251\/revisions"}],"predecessor-version":[{"id":70256,"href":"https:\/\/vocesparalelas.com.ar\/sitio\/wp-json\/wp\/v2\/posts\/70251\/revisions\/70256"}],"wp:featuredmedia":[{"embeddable":true,"href":"https:\/\/vocesparalelas.com.ar\/sitio\/wp-json\/wp\/v2\/media\/70255"}],"wp:attachment":[{"href":"https:\/\/vocesparalelas.com.ar\/sitio\/wp-json\/wp\/v2\/media?parent=70251"}],"wp:term":[{"taxonomy":"category","embeddable":true,"href":"https:\/\/vocesparalelas.com.ar\/sitio\/wp-json\/wp\/v2\/categories?post=70251"},{"taxonomy":"post_tag","embeddable":true,"href":"https:\/\/vocesparalelas.com.ar\/sitio\/wp-json\/wp\/v2\/tags?post=70251"}],"curies":[{"name":"wp","href":"https:\/\/api.w.org\/{rel}","templated":true}]}}