{"id":70215,"date":"2024-03-12T20:49:00","date_gmt":"2024-03-12T23:49:00","guid":{"rendered":"https:\/\/vocesparalelas.com.ar\/sitio\/?p=70215"},"modified":"2024-03-12T20:49:00","modified_gmt":"2024-03-12T23:49:00","slug":"1-foro-de-asesoramiento-y-colaboracion-institucional-de-la-provincia-de-san-juan","status":"publish","type":"post","link":"https:\/\/vocesparalelas.com.ar\/sitio\/1-foro-de-asesoramiento-y-colaboracion-institucional-de-la-provincia-de-san-juan\/","title":{"rendered":"1\u00b0 Foro de Asesoramiento y Colaboraci\u00f3n Institucional de la Provincia de San Juan"},"content":{"rendered":"<p>La Municipalidad de Ciudad de Rivadavia convoc\u00f3 y se reuni\u00f3 con 7 municipios y conformaron el Primer Foro de Asesoramiento y Colaboraci\u00f3n Institucional de la Provincia de San Juan.<\/p>\n<p>En la Sala de Reuniones del edificio municipal, la gesti\u00f3n del Intendente de la Municipalidad de Ciudad de Rivadavia, Sergio Miodowsky fue el anfitri\u00f3n y expuso su modelo de creaci\u00f3n de nuevas instituciones y normalizaci\u00f3n de las ya existentes, en lo concerniente a la administraci\u00f3n jur\u00eddica y contable.<\/p>\n<p>En di\u00e1logo entre los representantes de los municipios, se obtuvieron las siguientes conclusiones:<\/p>\n<ul>\n<li>Se acord\u00f3 un trabajo en red con los departamentos participantes, en donde la Municipalidad de Rivadavia, colaborar\u00e1 como soporte t\u00e9cnico.<\/li>\n<li>Se presentar\u00e1 un pedido al ejecutivo provincial solicitando un equipo de profesionales, especialmente contadores, para poder dar respuesta a tanta demanda de balances por parte de las instituciones.<\/li>\n<li>Se formar\u00e1 un equipo t\u00e9cnico itinerante para capacitar a las instituciones en el manejo de libros administrativos contables.<\/li>\n<li>Se acord\u00f3 organizar un pr\u00f3ximo foro con la idea de sumar mas departamentos.<\/li>\n<\/ul>\n<p>Municipalidades que formaron parte del 1\u00b0 Foro<\/p>\n<ul>\n<li>Santa Luc\u00eda,<\/li>\n<li>Capital,<\/li>\n<li>Chimbas,<\/li>\n<li>Rawson,<\/li>\n<li>Sarmiento,<\/li>\n<li>J\u00e1chal<\/li>\n<li>25 de Mayo.<\/li>\n<\/ul>\n<p>El objetivo es lograr el trabajo en red entre los departamentos concurrentes, asesorando, conteniendo y colaborando con las instituciones de la Provincia de San Juan.<\/p>\n<p><img loading=\"lazy\" decoding=\"async\" class=\"alignnone size-full wp-image-70218\" src=\"https:\/\/vocesparalelas.com.ar\/sitio\/wp-content\/uploads\/2024\/03\/RIVADAVIA-FORO-01.jpg\" alt=\"\" width=\"800\" height=\"534\" srcset=\"https:\/\/vocesparalelas.com.ar\/sitio\/wp-content\/uploads\/2024\/03\/RIVADAVIA-FORO-01.jpg 800w, https:\/\/vocesparalelas.com.ar\/sitio\/wp-content\/uploads\/2024\/03\/RIVADAVIA-FORO-01-300x200.jpg 300w, https:\/\/vocesparalelas.com.ar\/sitio\/wp-content\/uploads\/2024\/03\/RIVADAVIA-FORO-01-768x513.jpg 768w\" sizes=\"auto, (max-width: 800px) 100vw, 800px\" \/><\/p>\n<p>Vale aclarar que el el Gobierno de San Juan tuvo una importante participaci\u00f3n a trav\u00e9s de la Inspecci\u00f3n General de Personas Jur\u00eddicas<\/p>\n<p>Por ello, el Intendente Sergio Miodowsky continuar\u00e1 promoviendo a la funcionalidad de las Instituciones como instrumento fundacional de la vida en sociedad.<\/p>\n<p><img loading=\"lazy\" decoding=\"async\" class=\"alignnone size-full wp-image-66896\" src=\"https:\/\/vocesparalelas.com.ar\/sitio\/wp-content\/uploads\/2023\/12\/RIVADAVIA-LOGO-NUEVO.jpg\" alt=\"\" width=\"800\" height=\"533\" srcset=\"https:\/\/vocesparalelas.com.ar\/sitio\/wp-content\/uploads\/2023\/12\/RIVADAVIA-LOGO-NUEVO.jpg 800w, https:\/\/vocesparalelas.com.ar\/sitio\/wp-content\/uploads\/2023\/12\/RIVADAVIA-LOGO-NUEVO-300x200.jpg 300w, https:\/\/vocesparalelas.com.ar\/sitio\/wp-content\/uploads\/2023\/12\/RIVADAVIA-LOGO-NUEVO-768x512.jpg 768w\" sizes=\"auto, (max-width: 800px) 100vw, 800px\" \/><\/p>\n","protected":false},"excerpt":{"rendered":"<p>La Municipalidad de Ciudad de Rivadavia convoc\u00f3 y se reuni\u00f3 con 7 municipios y conformaron el Primer Foro de Asesoramiento<\/p>\n","protected":false},"author":3,"featured_media":70219,"comment_status":"closed","ping_status":"closed","sticky":false,"template":"","format":"standard","meta":{"_acf_changed":false,"_seopress_robots_primary_cat":"none","_seopress_titles_title":"","_seopress_titles_desc":"","_seopress_robots_index":"","colormag_page_container_layout":"default_layout","colormag_page_sidebar_layout":"default_layout","footnotes":""},"categories":[1],"tags":[],"class_list":["post-70215","post","type-post","status-publish","format-standard","has-post-thumbnail","hentry","category-destacadas"],"acf":[],"_links":{"self":[{"href":"https:\/\/vocesparalelas.com.ar\/sitio\/wp-json\/wp\/v2\/posts\/70215","targetHints":{"allow":["GET"]}}],"collection":[{"href":"https:\/\/vocesparalelas.com.ar\/sitio\/wp-json\/wp\/v2\/posts"}],"about":[{"href":"https:\/\/vocesparalelas.com.ar\/sitio\/wp-json\/wp\/v2\/types\/post"}],"author":[{"embeddable":true,"href":"https:\/\/vocesparalelas.com.ar\/sitio\/wp-json\/wp\/v2\/users\/3"}],"replies":[{"embeddable":true,"href":"https:\/\/vocesparalelas.com.ar\/sitio\/wp-json\/wp\/v2\/comments?post=70215"}],"version-history":[{"count":1,"href":"https:\/\/vocesparalelas.com.ar\/sitio\/wp-json\/wp\/v2\/posts\/70215\/revisions"}],"predecessor-version":[{"id":70220,"href":"https:\/\/vocesparalelas.com.ar\/sitio\/wp-json\/wp\/v2\/posts\/70215\/revisions\/70220"}],"wp:featuredmedia":[{"embeddable":true,"href":"https:\/\/vocesparalelas.com.ar\/sitio\/wp-json\/wp\/v2\/media\/70219"}],"wp:attachment":[{"href":"https:\/\/vocesparalelas.com.ar\/sitio\/wp-json\/wp\/v2\/media?parent=70215"}],"wp:term":[{"taxonomy":"category","embeddable":true,"href":"https:\/\/vocesparalelas.com.ar\/sitio\/wp-json\/wp\/v2\/categories?post=70215"},{"taxonomy":"post_tag","embeddable":true,"href":"https:\/\/vocesparalelas.com.ar\/sitio\/wp-json\/wp\/v2\/tags?post=70215"}],"curies":[{"name":"wp","href":"https:\/\/api.w.org\/{rel}","templated":true}]}}