{"id":70182,"date":"2024-03-11T20:41:39","date_gmt":"2024-03-11T23:41:39","guid":{"rendered":"https:\/\/vocesparalelas.com.ar\/sitio\/?p=70182"},"modified":"2024-03-13T00:31:31","modified_gmt":"2024-03-13T03:31:31","slug":"4-edicion-concurso-de-arte-juego-de-damas-en-san-juan","status":"publish","type":"post","link":"https:\/\/vocesparalelas.com.ar\/sitio\/4-edicion-concurso-de-arte-juego-de-damas-en-san-juan\/","title":{"rendered":"4\u00b0 Edici\u00f3n Concurso de arte \u201cJuego de Damas\u201d en San Juan"},"content":{"rendered":"<p>La Secretar\u00eda de Cultura, Turismo y Educaci\u00f3n de la Municipalidad de la Ciudad de San Juan y la Galer\u00eda Artify San Juan invitan al Concurso de arte \u201cJuego de Damas\u201d en San Juan a mujeres artistas visuales mayores de 18 a\u00f1os, argentinas o extranjeras residentes en Argentina.<\/p>\n<p>Por ello, en el Centro Cultura Estaci\u00f3n San Mart\u00edn de la Municipalidad de la Ciudad de San Juan, se desarroll\u00f3 una conferencia de Prensa con la participaci\u00f3n de la Secretaria de Cultura, Turismo y Educaci\u00f3n Municipal,\u00a0 Adriana Luluaga, la coordinadora del Concurso de arte \u201cJuego de Damas\u201d de la\u00a0Galer\u00eda Artify San Juan, Carolina Schwarz, el Dr. Leonardo Siere y la Directora del Centro Cultura Estaci\u00f3n San Mart\u00edn Municipal, Prof. Susana Cabanay<\/p>\n<p><img loading=\"lazy\" decoding=\"async\" class=\"alignnone size-full wp-image-70186\" src=\"https:\/\/vocesparalelas.com.ar\/sitio\/wp-content\/uploads\/2024\/03\/CAPITAL-ARTE11.jpg\" alt=\"\" width=\"800\" height=\"533\" srcset=\"https:\/\/vocesparalelas.com.ar\/sitio\/wp-content\/uploads\/2024\/03\/CAPITAL-ARTE11.jpg 800w, https:\/\/vocesparalelas.com.ar\/sitio\/wp-content\/uploads\/2024\/03\/CAPITAL-ARTE11-300x200.jpg 300w, https:\/\/vocesparalelas.com.ar\/sitio\/wp-content\/uploads\/2024\/03\/CAPITAL-ARTE11-768x512.jpg 768w\" sizes=\"auto, (max-width: 800px) 100vw, 800px\" \/><\/p>\n<p>La conferencia comenz\u00f3 con la presentaci\u00f3n de los integrantes de de la mesa acad\u00e9mica, la Secretaria de Cultura, Turismo y Educaci\u00f3n Municipal,\u00a0 Adriana Luluaga, quien dio la bienvenida y agradeci\u00f3 a los periodistas San Juan presentes.<\/p>\n<p>&nbsp;<\/p>\n<p><iframe loading=\"lazy\" title=\"CAPITAL ADRIANA LULUAGA\" width=\"800\" height=\"450\" src=\"https:\/\/www.youtube.com\/embed\/U-2n4gHyQvI?feature=oembed\" frameborder=\"0\" allow=\"accelerometer; autoplay; clipboard-write; encrypted-media; gyroscope; picture-in-picture; web-share\" allowfullscreen><\/iframe><\/p>\n<p>&nbsp;<\/p>\n<p>Posteriormente, la coordinadora del Concurso de arte \u201cJuego de Damas\u201d de la Galer\u00eda Artify San Juan, Carolina Schwarz explic\u00f3 los resultados de los a\u00f1os anteriores y lo que significa la experiencia de brindar esta oportunidad a las mujeres artistas no s\u00f3lo de San Juan sino de otras provincia de la Rep\u00fablica Argentina.<\/p>\n<p><iframe loading=\"lazy\" title=\"CAPITAL CAROLINA SCHWARZ\" width=\"800\" height=\"450\" src=\"https:\/\/www.youtube.com\/embed\/jkhEUrm_xdc?feature=oembed\" frameborder=\"0\" allow=\"accelerometer; autoplay; clipboard-write; encrypted-media; gyroscope; picture-in-picture; web-share\" allowfullscreen><\/iframe><\/p>\n<p>&nbsp;<\/p>\n<p>Luego, remarc\u00f3 las bases del concurso, los premios y la gran posibilidad de participar de las mujeres artistas en el mes del D\u00eda Internacional de la Mujer.<\/p>\n<p><iframe loading=\"lazy\" title=\"CAPITAL CAROLINA SCHWARZ\" width=\"800\" height=\"450\" src=\"https:\/\/www.youtube.com\/embed\/gZ9wVrm-GVk?feature=oembed\" frameborder=\"0\" allow=\"accelerometer; autoplay; clipboard-write; encrypted-media; gyroscope; picture-in-picture; web-share\" allowfullscreen><\/iframe><\/p>\n<p>&nbsp;<\/p>\n<p>Seguidamente, el Dr. Leonardo Siere subray\u00f3 que cada a\u00f1o que se desarrolla el Concurso de Arte, donde se fusiona la mirada y el trabajo de lo estatal con los privado permite que durante estos a\u00f1os mar mujeres artistas se sumen al gran desaf\u00edo de expresar la realidad de la mujer a trav\u00e9s de la paleta de colores.<\/p>\n<p>&nbsp;<\/p>\n<p><iframe loading=\"lazy\" title=\"CAPITAL DR LEONARDO SIERE\" width=\"800\" height=\"450\" src=\"https:\/\/www.youtube.com\/embed\/RvxC46YMZ18?feature=oembed\" frameborder=\"0\" allow=\"accelerometer; autoplay; clipboard-write; encrypted-media; gyroscope; picture-in-picture; web-share\" allowfullscreen><\/iframe><\/p>\n<p>&nbsp;<\/p>\n<p>Finalmente, la Directora del Centro Cultura Estaci\u00f3n San Mart\u00edn Municipal, Prof. Susana Cabanay explic\u00f3 que es un orgullo el trabajo que se realiza en apoyo a al cultura de la ciudad porque es tambi\u00e9n, recibir una gran cantidad de turistas.<\/p>\n<p><iframe loading=\"lazy\" title=\"CAPITAL SUSANA\" width=\"800\" height=\"450\" src=\"https:\/\/www.youtube.com\/embed\/5J_wY8M-ttA?feature=oembed\" frameborder=\"0\" allow=\"accelerometer; autoplay; clipboard-write; encrypted-media; gyroscope; picture-in-picture; web-share\" allowfullscreen><\/iframe><\/p>\n<p>&nbsp;<\/p>\n<p>\u00abJuego de Damas\u00bb es un concurso de arte que propone otorgar el protagonismo que se merecen las mujeres artistas en la escena cultural. Re\u00fane a mujeres para celebrar la diversidad y la riqueza del talento femenino, y lo hace de una manera federal logrando una doble visibilidad: del talento art\u00edstico y de la Ciudad de San Juan.<\/p>\n<p>Este concurso es un proyecto conjunto entre la Galer\u00eda Artify y la Secretar\u00eda de Cultura, Turismo y Educaci\u00f3n de la Municipalidad de la Ciudad de San Juan con la intenci\u00f3n de generar desde los \u00e1mbitos p\u00fablico y privado, un impulso a la producci\u00f3n en el arte y la difusi\u00f3n de la obra de las artistas.<\/p>\n<p>Es importante destacar la continuidad de esta iniciativa en el tiempo ya que esta es su cuarta edici\u00f3n. As\u00ed con una mirada cr\u00edtica y comprometida se erige como un espacio de encuentro y empoderamiento para las mujeres artistas, brind\u00e1ndoles la oportunidad de expresarse libremente, compartir sus visiones del mundo y conectar con una audiencia \u00e1vida de nuevas narrativas y perspectivas.<\/p>\n<p>La intendente Susana Laciar respalda y promueve activamente iniciativas culturales en la comunidad, acompa\u00f1ando este concurso que tuvo su primera edici\u00f3n en el a\u00f1o 2021, como una respuesta a la necesidad de reconocimiento y visibilidad de las mujeres artistas en la sociedad contempor\u00e1nea.<\/p>\n<p><span style=\"color: #ffcc00;\"><strong>Juego de Damas 4\u00b0 edici\u00f3n, Categor\u00eda Bidimensional 2024<\/strong><\/span><\/p>\n<p>Se desarrolla mediante la categor\u00eda bidimensi\u00f3n, abarcando diversas t\u00e9cnicas art\u00edsticas como pintura, dibujo, grabado, entre otras siempre que se trabajen en el plano. Las obras invitadas y premiadas se exhibir\u00e1n en una destacada exposici\u00f3n en el CCESM, brindando a las artistas la oportunidad de compartir su trabajo con un amplio p\u00fablico y consolidar su carrera art\u00edstica.<\/p>\n<p>&nbsp;<\/p>\n<p><strong><span style=\"color: #ffcc00;\">Bases y condiciones de la 4\u00b0 Edici\u00f3n Concurso de arte \u201cJuego de Damas\u201d \u00a0<\/span><\/strong><\/p>\n<p><a href=\"https:\/\/vocesparalelas.com.ar\/sitio\/wp-content\/uploads\/2024\/03\/BASES-CONCURSO-JUEGO-DE-DAMAS.pdf\">BASES CONCURSO JUEGO DE DAMAS<\/a><\/p>\n<p>&nbsp;<\/p>\n<p>&nbsp;<\/p>\n<p><img loading=\"lazy\" decoding=\"async\" class=\"alignnone size-full wp-image-67559\" src=\"https:\/\/vocesparalelas.com.ar\/sitio\/wp-content\/uploads\/2023\/12\/CAPITAL-SAN-JUAN-LOGO.png\" alt=\"\" width=\"800\" height=\"304\" srcset=\"https:\/\/vocesparalelas.com.ar\/sitio\/wp-content\/uploads\/2023\/12\/CAPITAL-SAN-JUAN-LOGO.png 800w, https:\/\/vocesparalelas.com.ar\/sitio\/wp-content\/uploads\/2023\/12\/CAPITAL-SAN-JUAN-LOGO-300x114.png 300w, https:\/\/vocesparalelas.com.ar\/sitio\/wp-content\/uploads\/2023\/12\/CAPITAL-SAN-JUAN-LOGO-768x292.png 768w\" sizes=\"auto, (max-width: 800px) 100vw, 800px\" \/><\/p>\n","protected":false},"excerpt":{"rendered":"<p>La Secretar\u00eda de Cultura, Turismo y Educaci\u00f3n de la Municipalidad de la Ciudad de San Juan y la Galer\u00eda Artify<\/p>\n","protected":false},"author":3,"featured_media":70185,"comment_status":"closed","ping_status":"closed","sticky":false,"template":"","format":"standard","meta":{"_acf_changed":false,"_seopress_robots_primary_cat":"none","_seopress_titles_title":"","_seopress_titles_desc":"","_seopress_robots_index":"","colormag_page_container_layout":"default_layout","colormag_page_sidebar_layout":"default_layout","footnotes":""},"categories":[8,7],"tags":[],"class_list":["post-70182","post","type-post","status-publish","format-standard","has-post-thumbnail","hentry","category-concursos","category-videos"],"acf":[],"_links":{"self":[{"href":"https:\/\/vocesparalelas.com.ar\/sitio\/wp-json\/wp\/v2\/posts\/70182","targetHints":{"allow":["GET"]}}],"collection":[{"href":"https:\/\/vocesparalelas.com.ar\/sitio\/wp-json\/wp\/v2\/posts"}],"about":[{"href":"https:\/\/vocesparalelas.com.ar\/sitio\/wp-json\/wp\/v2\/types\/post"}],"author":[{"embeddable":true,"href":"https:\/\/vocesparalelas.com.ar\/sitio\/wp-json\/wp\/v2\/users\/3"}],"replies":[{"embeddable":true,"href":"https:\/\/vocesparalelas.com.ar\/sitio\/wp-json\/wp\/v2\/comments?post=70182"}],"version-history":[{"count":2,"href":"https:\/\/vocesparalelas.com.ar\/sitio\/wp-json\/wp\/v2\/posts\/70182\/revisions"}],"predecessor-version":[{"id":70214,"href":"https:\/\/vocesparalelas.com.ar\/sitio\/wp-json\/wp\/v2\/posts\/70182\/revisions\/70214"}],"wp:featuredmedia":[{"embeddable":true,"href":"https:\/\/vocesparalelas.com.ar\/sitio\/wp-json\/wp\/v2\/media\/70185"}],"wp:attachment":[{"href":"https:\/\/vocesparalelas.com.ar\/sitio\/wp-json\/wp\/v2\/media?parent=70182"}],"wp:term":[{"taxonomy":"category","embeddable":true,"href":"https:\/\/vocesparalelas.com.ar\/sitio\/wp-json\/wp\/v2\/categories?post=70182"},{"taxonomy":"post_tag","embeddable":true,"href":"https:\/\/vocesparalelas.com.ar\/sitio\/wp-json\/wp\/v2\/tags?post=70182"}],"curies":[{"name":"wp","href":"https:\/\/api.w.org\/{rel}","templated":true}]}}