{"id":70100,"date":"2024-03-07T20:59:54","date_gmt":"2024-03-07T23:59:54","guid":{"rendered":"https:\/\/vocesparalelas.com.ar\/sitio\/?p=70100"},"modified":"2024-03-07T20:59:54","modified_gmt":"2024-03-07T23:59:54","slug":"clinica-de-malambo-en-san-juan","status":"publish","type":"post","link":"https:\/\/vocesparalelas.com.ar\/sitio\/clinica-de-malambo-en-san-juan\/","title":{"rendered":"Cl\u00ednica de malambo en San Juan"},"content":{"rendered":"<div class=\"itemFullText\">\n<p>El Ministerio de Turismo, Cultura y Deporte del Gobierno de San Juan contin\u00faa apoyando los proyectos culturales, el S\u00e1bado, 9 de Marzo, de 9 a 12 hs.; la Asociaci\u00f3n Civil Sanjuanina de Cultores de Danzas Folcl\u00f3ricas &#8211; ASCuDF &#8211; desarrolla la Cl\u00ednica de Malambo.<\/p>\n<p>La capacitaci\u00f3n se realiza en los espacios compartidos del complejo del Ferro Urban\u00edstico y es dictada por grandes referentes de esta disciplina en la provincia como Juan Pelletier, Sergio Zalazar, Sergio Gonz\u00e1lez y Paolo Moreno.<\/p>\n<p>Adem\u00e1s, de la misma participan academias de baile provenientes de diferentes departamentos de la provincia como Angaco, Santa Luc\u00eda, 25 de Mayo y Pocito. Tambi\u00e9n, cuenta con la presencia de malambistas individuales que llegan desde Ull\u00fam, Santa Luc\u00eda y Pocito.<\/p>\n<p>Por \u00faltimo, es importante resaltar que el plazo de inscripci\u00f3n cierra el Jueves, 7 de Marzo, a las 21 hs, por lo que los interesados deben comunicarse, v\u00eda telef\u00f3nica, al 264 470 9109 para reservar su lugar.<\/p>\n<p><img loading=\"lazy\" decoding=\"async\" class=\"alignnone size-large wp-image-22560\" src=\"https:\/\/vocesparalelas.com.ar\/sitio\/wp-content\/uploads\/2019\/07\/UNSJ-MALAMBO-03-800x531.jpg\" alt=\"\" width=\"800\" height=\"531\" srcset=\"https:\/\/vocesparalelas.com.ar\/sitio\/wp-content\/uploads\/2019\/07\/UNSJ-MALAMBO-03-800x531.jpg 800w, https:\/\/vocesparalelas.com.ar\/sitio\/wp-content\/uploads\/2019\/07\/UNSJ-MALAMBO-03-300x199.jpg 300w, https:\/\/vocesparalelas.com.ar\/sitio\/wp-content\/uploads\/2019\/07\/UNSJ-MALAMBO-03-768x510.jpg 768w, https:\/\/vocesparalelas.com.ar\/sitio\/wp-content\/uploads\/2019\/07\/UNSJ-MALAMBO-03.jpg 1000w\" sizes=\"auto, (max-width: 800px) 100vw, 800px\" \/><\/p>\n<\/div>\n<div class=\"clr\"><\/div>\n","protected":false},"excerpt":{"rendered":"<p>El Ministerio de Turismo, Cultura y Deporte del Gobierno de San Juan contin\u00faa apoyando los proyectos culturales, el S\u00e1bado, 9<\/p>\n","protected":false},"author":3,"featured_media":68253,"comment_status":"closed","ping_status":"closed","sticky":false,"template":"","format":"standard","meta":{"_acf_changed":false,"_seopress_robots_primary_cat":"none","_seopress_titles_title":"","_seopress_titles_desc":"","_seopress_robots_index":"","colormag_page_container_layout":"default_layout","colormag_page_sidebar_layout":"default_layout","footnotes":""},"categories":[1],"tags":[],"class_list":["post-70100","post","type-post","status-publish","format-standard","has-post-thumbnail","hentry","category-destacadas"],"acf":[],"_links":{"self":[{"href":"https:\/\/vocesparalelas.com.ar\/sitio\/wp-json\/wp\/v2\/posts\/70100","targetHints":{"allow":["GET"]}}],"collection":[{"href":"https:\/\/vocesparalelas.com.ar\/sitio\/wp-json\/wp\/v2\/posts"}],"about":[{"href":"https:\/\/vocesparalelas.com.ar\/sitio\/wp-json\/wp\/v2\/types\/post"}],"author":[{"embeddable":true,"href":"https:\/\/vocesparalelas.com.ar\/sitio\/wp-json\/wp\/v2\/users\/3"}],"replies":[{"embeddable":true,"href":"https:\/\/vocesparalelas.com.ar\/sitio\/wp-json\/wp\/v2\/comments?post=70100"}],"version-history":[{"count":1,"href":"https:\/\/vocesparalelas.com.ar\/sitio\/wp-json\/wp\/v2\/posts\/70100\/revisions"}],"predecessor-version":[{"id":70103,"href":"https:\/\/vocesparalelas.com.ar\/sitio\/wp-json\/wp\/v2\/posts\/70100\/revisions\/70103"}],"wp:featuredmedia":[{"embeddable":true,"href":"https:\/\/vocesparalelas.com.ar\/sitio\/wp-json\/wp\/v2\/media\/68253"}],"wp:attachment":[{"href":"https:\/\/vocesparalelas.com.ar\/sitio\/wp-json\/wp\/v2\/media?parent=70100"}],"wp:term":[{"taxonomy":"category","embeddable":true,"href":"https:\/\/vocesparalelas.com.ar\/sitio\/wp-json\/wp\/v2\/categories?post=70100"},{"taxonomy":"post_tag","embeddable":true,"href":"https:\/\/vocesparalelas.com.ar\/sitio\/wp-json\/wp\/v2\/tags?post=70100"}],"curies":[{"name":"wp","href":"https:\/\/api.w.org\/{rel}","templated":true}]}}