{"id":70089,"date":"2024-03-07T20:28:12","date_gmt":"2024-03-07T23:28:12","guid":{"rendered":"https:\/\/vocesparalelas.com.ar\/sitio\/?p=70089"},"modified":"2024-03-08T21:26:52","modified_gmt":"2024-03-09T00:26:52","slug":"requiem-aeternam-en-el-teatro-del-bicentenario-de-san-juan","status":"publish","type":"post","link":"https:\/\/vocesparalelas.com.ar\/sitio\/requiem-aeternam-en-el-teatro-del-bicentenario-de-san-juan\/","title":{"rendered":"\u00abRequiem Aeternam\u00bb en el Teatro del Bicentenario de San Juan"},"content":{"rendered":"<p>El Viernes, 29 de Marzo, a las 21hs, el Teatro del Bicentenario dependiente del Ministerio de Turismo, Cultura y Deportes del Gobierno de San Juan, levanta\u00a0 el tel\u00f3n de su sala principal para presentar Requiem Aeternam.<\/p>\n<p>La ic\u00f3nica obra de Mozart es interpretada por el Coro Universitario de la Facultad de Filosof\u00eda, Humanidades y Artes de la Universidad Nacional de San Juan, bajo la direcci\u00f3n del M\u00ba Jorge Luis Romero.<\/p>\n<p>La famosa Misa de R\u00e9quiem cuenta con un cuarteto solista y una orquesta cl\u00e1sica integrada por instrumentistas de San Juan, bajo la direcci\u00f3n musical del Maestro Jorge Luis Romero.<\/p>\n<p>El evento se enmarca dentro de la conmemoraci\u00f3n de los 80 a\u00f1os del terremoto del a\u00f1o 1944 de la Ciudad de San Juan.<\/p>\n<p>Es por esto, que el concierto se realiza en memoria del acontecimiento que afect\u00f3 a tantas familias.<\/p>\n<p>Una propuesta visual imponente, por el car\u00e1cter multidisciplinario de esta producci\u00f3n, es la primera vez que el R\u00e9quiem de Mozart se ejecuta en San Juan con un espect\u00e1culo visual que complementa y enriquece la experiencia sonora de solistas, coro y orquesta en vivo.<\/p>\n<p>Esto ofrece una puesta en escena multisensorial para el p\u00fablico contempor\u00e1neo, renovando el inter\u00e9s de las nuevas audiencias en esta obra maestra de la m\u00fasica cl\u00e1sica.<\/p>\n<p><span style=\"color: #339966;\"><strong>Entradas<\/strong><\/span><\/p>\n<p>De $5000, $6000 y $7000 pueden adquirirse en Boleter\u00eda del Teatro del Bicentenario, de Lunes a Viernes, de 10 a 14 hs, de 17: 30 a 21 hs, y los S\u00e1bados, de 10 a 14 hs.<\/p>\n<p>Tambi\u00e9n, se encuentran disponibles online a trav\u00e9s de<\/p>\n<p><a href=\"https:\/\/tbsj.tuentrada.com\/list\/events\">https:\/\/tbsj.tuentrada.com\/list\/events<\/a><\/p>\n<p>&nbsp;<\/p>\n<p><img loading=\"lazy\" decoding=\"async\" class=\"alignnone size-large wp-image-21666\" src=\"https:\/\/vocesparalelas.com.ar\/sitio\/wp-content\/uploads\/2019\/06\/TEATRO-BICENTENARIO-10-800x600.jpg\" alt=\"\" width=\"800\" height=\"600\" srcset=\"https:\/\/vocesparalelas.com.ar\/sitio\/wp-content\/uploads\/2019\/06\/TEATRO-BICENTENARIO-10-800x600.jpg 800w, https:\/\/vocesparalelas.com.ar\/sitio\/wp-content\/uploads\/2019\/06\/TEATRO-BICENTENARIO-10-300x225.jpg 300w, https:\/\/vocesparalelas.com.ar\/sitio\/wp-content\/uploads\/2019\/06\/TEATRO-BICENTENARIO-10-768x576.jpg 768w, https:\/\/vocesparalelas.com.ar\/sitio\/wp-content\/uploads\/2019\/06\/TEATRO-BICENTENARIO-10.jpg 1000w\" sizes=\"auto, (max-width: 800px) 100vw, 800px\" \/><\/p>\n","protected":false},"excerpt":{"rendered":"<p>El Viernes, 29 de Marzo, a las 21hs, el Teatro del Bicentenario dependiente del Ministerio de Turismo, Cultura y Deportes<\/p>\n","protected":false},"author":3,"featured_media":70093,"comment_status":"closed","ping_status":"closed","sticky":false,"template":"","format":"standard","meta":{"_acf_changed":false,"_seopress_robots_primary_cat":"none","_seopress_titles_title":"","_seopress_titles_desc":"","_seopress_robots_index":"","colormag_page_container_layout":"default_layout","colormag_page_sidebar_layout":"default_layout","footnotes":""},"categories":[20],"tags":[],"class_list":["post-70089","post","type-post","status-publish","format-standard","has-post-thumbnail","hentry","category-cartelera"],"acf":[],"_links":{"self":[{"href":"https:\/\/vocesparalelas.com.ar\/sitio\/wp-json\/wp\/v2\/posts\/70089","targetHints":{"allow":["GET"]}}],"collection":[{"href":"https:\/\/vocesparalelas.com.ar\/sitio\/wp-json\/wp\/v2\/posts"}],"about":[{"href":"https:\/\/vocesparalelas.com.ar\/sitio\/wp-json\/wp\/v2\/types\/post"}],"author":[{"embeddable":true,"href":"https:\/\/vocesparalelas.com.ar\/sitio\/wp-json\/wp\/v2\/users\/3"}],"replies":[{"embeddable":true,"href":"https:\/\/vocesparalelas.com.ar\/sitio\/wp-json\/wp\/v2\/comments?post=70089"}],"version-history":[{"count":1,"href":"https:\/\/vocesparalelas.com.ar\/sitio\/wp-json\/wp\/v2\/posts\/70089\/revisions"}],"predecessor-version":[{"id":70094,"href":"https:\/\/vocesparalelas.com.ar\/sitio\/wp-json\/wp\/v2\/posts\/70089\/revisions\/70094"}],"wp:featuredmedia":[{"embeddable":true,"href":"https:\/\/vocesparalelas.com.ar\/sitio\/wp-json\/wp\/v2\/media\/70093"}],"wp:attachment":[{"href":"https:\/\/vocesparalelas.com.ar\/sitio\/wp-json\/wp\/v2\/media?parent=70089"}],"wp:term":[{"taxonomy":"category","embeddable":true,"href":"https:\/\/vocesparalelas.com.ar\/sitio\/wp-json\/wp\/v2\/categories?post=70089"},{"taxonomy":"post_tag","embeddable":true,"href":"https:\/\/vocesparalelas.com.ar\/sitio\/wp-json\/wp\/v2\/tags?post=70089"}],"curies":[{"name":"wp","href":"https:\/\/api.w.org\/{rel}","templated":true}]}}