{"id":70060,"date":"2024-03-06T21:33:08","date_gmt":"2024-03-07T00:33:08","guid":{"rendered":"https:\/\/vocesparalelas.com.ar\/sitio\/?p=70060"},"modified":"2024-03-11T19:34:52","modified_gmt":"2024-03-11T22:34:52","slug":"recomendaciones-de-seguridad-vial-para-la-comunidad-educativa-y-transeuntes-de-san-juan","status":"publish","type":"post","link":"https:\/\/vocesparalelas.com.ar\/sitio\/recomendaciones-de-seguridad-vial-para-la-comunidad-educativa-y-transeuntes-de-san-juan\/","title":{"rendered":"Recomendaciones de seguridad vial para la Comunidad Educativa y transe\u00fantes de San Juan"},"content":{"rendered":"<p>El Ministerio de Gobierno de San Juan, a trav\u00e9s de la Secretar\u00eda de Seguridad, informa recomendaciones para que padres, alumnos, conductores, docentes y transe\u00fantes tengan en cuenta, en el marco de la reactivaci\u00f3n de rutina escolar.<\/p>\n<p><span style=\"color: #ff0000;\"><strong>Recomendaciones para padres<\/strong><\/span><\/p>\n<p><strong><span style=\"color: #ff0000;\">Asegurarse de que sus hijos viajen seguros en el auto<\/span><\/strong><\/p>\n<ul>\n<li>Usar siempre el Sistema de Retenci\u00f3n Infantil (SRI)l adecuada para su edad y peso.<\/li>\n<li>Ubicar a los ni\u00f1os en el asiento trasero.<\/li>\n<li>Abrocharles el cintur\u00f3n de seguridad correctamente.<\/li>\n<\/ul>\n<p><strong><span style=\"color: #ff0000;\">Si tus hijos van caminando o en bicicleta<\/span><\/strong><\/p>\n<ul>\n<li>Ense\u00f1arles las normas de seguridad vial.<\/li>\n<li>Acompa\u00f1arlos hasta que se familiaricen con el recorrido.<\/li>\n<li>Asegurarse de que sean visibles con ropa clara y elementos reflectantes.<\/li>\n<\/ul>\n<p><strong><span style=\"color: #ff0000;\">S\u00e9 un buen ejemplo<\/span><\/strong><\/p>\n<ul>\n<li>Respetar las normas de tr\u00e1nsito y el pr\u00f3jimo<\/li>\n<li>Conducir con prudencia y responsabilidad<\/li>\n<li>Evitar el estacionamiento en doble fila.<\/li>\n<\/ul>\n<p><strong><span style=\"color: #ff0000;\">Recomendaciones para alumnos<\/span><\/strong><\/p>\n<p><strong><span style=\"color: #ff0000;\">Si vas en auto<\/span><\/strong><\/p>\n<ul>\n<li>Usar siempre el cintur\u00f3n de seguridad.<\/li>\n<li>Ser respetuoso con el conductor y los dem\u00e1s pasajeros.<\/li>\n<\/ul>\n<p><span style=\"color: #ff0000;\"><strong>Si vas caminando o en bicicleta<\/strong><\/span><\/p>\n<ul>\n<li>Cruzar por las sendas peatonales, si sos peat\u00f3n.<\/li>\n<li>La bicicleta es un veh\u00edculo que cumple las normas como tal.<\/li>\n<li>Respetar los sem\u00e1foros y se\u00f1ales de tr\u00e1nsito.<\/li>\n<li>Usar casco y ropa adecuada.<\/li>\n<li>Ser responsable, cuidar tu vida y la de los dem\u00e1s.<\/li>\n<\/ul>\n<p><strong><span style=\"color: #ff0000;\">Recomendaciones para docentes<\/span><\/strong><\/p>\n<p><strong><span style=\"color: #ff0000;\">Promueve la educaci\u00f3n vial en el aula<\/span><\/strong><\/p>\n<ul>\n<li>Hablar sobre la importancia de la seguridad vial.<\/li>\n<li>Establecer normas para la entrada y salida del establecimiento escolar.<\/li>\n<li>Realizar actividades l\u00fadicas y educativas sobre el tema.<\/li>\n<li>Involucrar a los padres en la formaci\u00f3n vial de sus hijos.<\/li>\n<\/ul>\n<p><span style=\"color: #ff0000;\"><strong>Ser un ejemplo para tus alumnos<\/strong><\/span><\/p>\n<ul>\n<li>Respetar las normas de tr\u00e1nsito<\/li>\n<li>Ser paciente y tolerante con los dem\u00e1s.<\/li>\n<\/ul>\n<p><strong><span style=\"color: #ff0000;\">A los peatones<\/span><\/strong><\/p>\n<ul>\n<li>Cruzar por las sendas peatonales<\/li>\n<li>Respetar los sem\u00e1foros y se\u00f1ales de tr\u00e1nsito<\/li>\n<li>Caminar por la vereda y no por la calle.<\/li>\n<li>No usar el celular mientras caminas.<\/li>\n<li>S\u00e9 visible con ropa clara y elementos reflectantes.<\/li>\n<\/ul>\n<p><strong><span style=\"color: #ff0000;\">En zona rural<\/span><\/strong><\/p>\n<ul>\n<li>Camina en fila india sentido contrario a los autos<\/li>\n<li>Nunca cruzar la curva en una curva o en la terminaci\u00f3n de la misma, busca una visi\u00f3n directa y segura hacia los veh\u00edculos que transitan por ella<\/li>\n<li>Cruzar la ruta en l\u00ednea recta y no en diagonales<\/li>\n<\/ul>\n<p><strong><span style=\"color: #ff0000;\">A los conductores<\/span><\/strong><\/p>\n<ul>\n<li>Respetar las normas de tr\u00e1nsito.<\/li>\n<li>Conducir con prudencia y responsabilidad.<\/li>\n<li>No usar el celular mientras conduces.<\/li>\n<li>Ser paciente y tolerante con los dem\u00e1s.<\/li>\n<li>No estacionar en doble fila.<\/li>\n<\/ul>\n<p><strong><span style=\"color: #ff0000;\">A los pasajeros de transporte p\u00fablico<\/span><\/strong><\/p>\n<ul>\n<li>Formar fila en la parada correspondiente, alejados del cord\u00f3n.<\/li>\n<li>Ascender por la puerta delantera, descender por la puerta trasera, cuando el colectivo est\u00e1 totalmente detenido.<\/li>\n<li>Si escuchas m\u00fasica, utiliza auriculares<\/li>\n<li>S\u00e9 respetuoso con el conductor y los dem\u00e1s pasajeros.<\/li>\n<li>No sacar las manos y cabeza por las ventanillas.<\/li>\n<li>Si viajas de pie, sujetarte del pasamanos.<\/li>\n<li>Ceder el asiento a personas ni\u00f1os, mayores y embarazadas.<\/li>\n<li>Colaborar con la higiene de la unidad.<\/li>\n<\/ul>\n<p><span style=\"color: #ff0000;\"><strong>Consignas sobre la conciencia ciudadana y respeto al pr\u00f3jimo en el tr\u00e1nsito<\/strong><\/span><\/p>\n<ul>\n<li>El tr\u00e1nsito es un espacio compartido, donde todos tenemos derechos y responsabilidades.<\/li>\n<li>Es importante respetar las normas de tr\u00e1nsito para cuidar nuestra vida y la de los dem\u00e1s.<\/li>\n<li>Ser un buen ciudadano implica ser responsable y solidario en el tr\u00e1nsito.<\/li>\n<li>El respeto al pr\u00f3jimo es fundamental para una convivencia vial armoniosa.<\/li>\n<\/ul>\n<p>&nbsp;<\/p>\n<p>&nbsp;<\/p>\n","protected":false},"excerpt":{"rendered":"<p>El Ministerio de Gobierno de San Juan, a trav\u00e9s de la Secretar\u00eda de Seguridad, informa recomendaciones para que padres, alumnos,<\/p>\n","protected":false},"author":3,"featured_media":7132,"comment_status":"closed","ping_status":"closed","sticky":false,"template":"","format":"standard","meta":{"_acf_changed":false,"_seopress_robots_primary_cat":"none","_seopress_titles_title":"","_seopress_titles_desc":"","_seopress_robots_index":"","colormag_page_container_layout":"default_layout","colormag_page_sidebar_layout":"default_layout","footnotes":""},"categories":[5],"tags":[],"class_list":["post-70060","post","type-post","status-publish","format-standard","has-post-thumbnail","hentry","category-ofrecimientos"],"acf":[],"_links":{"self":[{"href":"https:\/\/vocesparalelas.com.ar\/sitio\/wp-json\/wp\/v2\/posts\/70060","targetHints":{"allow":["GET"]}}],"collection":[{"href":"https:\/\/vocesparalelas.com.ar\/sitio\/wp-json\/wp\/v2\/posts"}],"about":[{"href":"https:\/\/vocesparalelas.com.ar\/sitio\/wp-json\/wp\/v2\/types\/post"}],"author":[{"embeddable":true,"href":"https:\/\/vocesparalelas.com.ar\/sitio\/wp-json\/wp\/v2\/users\/3"}],"replies":[{"embeddable":true,"href":"https:\/\/vocesparalelas.com.ar\/sitio\/wp-json\/wp\/v2\/comments?post=70060"}],"version-history":[{"count":1,"href":"https:\/\/vocesparalelas.com.ar\/sitio\/wp-json\/wp\/v2\/posts\/70060\/revisions"}],"predecessor-version":[{"id":70063,"href":"https:\/\/vocesparalelas.com.ar\/sitio\/wp-json\/wp\/v2\/posts\/70060\/revisions\/70063"}],"wp:featuredmedia":[{"embeddable":true,"href":"https:\/\/vocesparalelas.com.ar\/sitio\/wp-json\/wp\/v2\/media\/7132"}],"wp:attachment":[{"href":"https:\/\/vocesparalelas.com.ar\/sitio\/wp-json\/wp\/v2\/media?parent=70060"}],"wp:term":[{"taxonomy":"category","embeddable":true,"href":"https:\/\/vocesparalelas.com.ar\/sitio\/wp-json\/wp\/v2\/categories?post=70060"},{"taxonomy":"post_tag","embeddable":true,"href":"https:\/\/vocesparalelas.com.ar\/sitio\/wp-json\/wp\/v2\/tags?post=70060"}],"curies":[{"name":"wp","href":"https:\/\/api.w.org\/{rel}","templated":true}]}}