{"id":70051,"date":"2024-03-06T19:57:48","date_gmt":"2024-03-06T22:57:48","guid":{"rendered":"https:\/\/vocesparalelas.com.ar\/sitio\/?p=70051"},"modified":"2024-03-08T00:30:34","modified_gmt":"2024-03-08T03:30:34","slug":"requisitos-credencial-estudiantil-unica-para-estudiantes-secundario-universitario-y-docentes-en-san-juan","status":"publish","type":"post","link":"https:\/\/vocesparalelas.com.ar\/sitio\/requisitos-credencial-estudiantil-unica-para-estudiantes-secundario-universitario-y-docentes-en-san-juan\/","title":{"rendered":"Requisitos \u00abCredencial Estudiantil \u00danica\u00bb para Estudiantes Secundario, Universitario y Docentes en San Juan"},"content":{"rendered":"<p>El Ministerio de Gobierno de San Juan, a trav\u00e9s de la Direcci\u00f3n de RedTulum, estableci\u00f3 los requisitos para la Credencial Estudiantil \u00danica, destinada a estudiantes y docentes de la provincia, con la cual tienen acceso a un precio diferenciado para el transporte p\u00fablico de San Juan en cualquier l\u00ednea de la RedTulum.<\/p>\n<p>Los estudiantes del nivel secundario y universitario, junto con los docentes, pueden presentar la credencial 2023 hasta el 31 de Marzo de 2024, fecha desde la que se debe presentar la Credencial Estudiantil \u00danica 2024. Los estudiantes de nivel primario solamente deben tener su guardapolvo o uniforme escolar para acceder al boleto escolar.<\/p>\n<p>Para realizar la Credencial Estudiantil \u00danica, tanto estudiantes como docentes deben dirigirse a la empresa de colectivos correspondiente a la l\u00ednea de su establecimiento educativo, presentando una serie de requisitos para obtenerla.<\/p>\n<p><strong><span style=\"color: #008000;\">Requisitos para estudiantes<\/span><\/strong><\/p>\n<ul>\n<li>Certificado de alumno regular con horarios de cursado.<\/li>\n<li>Foto carnet actualizada.<\/li>\n<li>DNI original y fotocopia.<\/li>\n<\/ul>\n<p><span style=\"color: #008000;\"><strong>Requisitos para docentes<\/strong><\/span><\/p>\n<ul>\n<li>Certificado actualizado de escuela.<\/li>\n<li>Recibo de sueldo.<\/li>\n<li>Horarios.<\/li>\n<li>DNI.<\/li>\n<li>Foto carnet.<\/li>\n<\/ul>\n<p>Para consultas sobre la Credencial Estudiantil \u00danica, horarios y turnos, comunicarse o dirigirse a las empresas del servicio de transporte:<\/p>\n<ul>\n<li>Albard\u00f3n SRL: Centenario 754 -E- Chimbas &#8211; 4387502<\/li>\n<li>Alto de Sierra SRL: Av. Libertador 1714 -E- Santa Luc\u00eda &#8211; 4254871 \/ 72<\/li>\n<li>El Triunfo SA: 9 de Julio 1024 (o) Capital &#8211; 4223192<\/li>\n<li>UTE-La Marina SA &#8211; La Positiva SA: Mendoza 169 (s) 1\u00ba piso Of. 10 Capital &#8211;<br \/>\n4331336-331385-4343955<\/li>\n<li>Libertador SRL: Santiago del Estero 1715 -Sur- Capital &#8211; 4240365<\/li>\n<li>Mayo SRL: Mendoza 365 (S) Rawson &#8211; 4240831<\/li>\n<li>Nuevo Sur SRL: Av. Libertador 1714 -E- Santa Luc\u00eda &#8211; 4254871 \/ 72<\/li>\n<li>Valle del Sol SRL: Av. Libertador 1714 -E- Santa Luc\u00eda &#8211; 4254871 \/ 72<\/li>\n<li>Vallecito SRL: Lat. Norte Circunvalaci\u00f3n 303 -E- Capital &#8211; 4214509<\/li>\n<\/ul>\n","protected":false},"excerpt":{"rendered":"<p>El Ministerio de Gobierno de San Juan, a trav\u00e9s de la Direcci\u00f3n de RedTulum, estableci\u00f3 los requisitos para la Credencial<\/p>\n","protected":false},"author":3,"featured_media":69210,"comment_status":"closed","ping_status":"closed","sticky":false,"template":"","format":"standard","meta":{"_acf_changed":false,"_seopress_robots_primary_cat":"none","_seopress_titles_title":"","_seopress_titles_desc":"","_seopress_robots_index":"","colormag_page_container_layout":"default_layout","colormag_page_sidebar_layout":"default_layout","footnotes":""},"categories":[2],"tags":[],"class_list":["post-70051","post","type-post","status-publish","format-standard","has-post-thumbnail","hentry","category-convocatorias"],"acf":[],"_links":{"self":[{"href":"https:\/\/vocesparalelas.com.ar\/sitio\/wp-json\/wp\/v2\/posts\/70051","targetHints":{"allow":["GET"]}}],"collection":[{"href":"https:\/\/vocesparalelas.com.ar\/sitio\/wp-json\/wp\/v2\/posts"}],"about":[{"href":"https:\/\/vocesparalelas.com.ar\/sitio\/wp-json\/wp\/v2\/types\/post"}],"author":[{"embeddable":true,"href":"https:\/\/vocesparalelas.com.ar\/sitio\/wp-json\/wp\/v2\/users\/3"}],"replies":[{"embeddable":true,"href":"https:\/\/vocesparalelas.com.ar\/sitio\/wp-json\/wp\/v2\/comments?post=70051"}],"version-history":[{"count":1,"href":"https:\/\/vocesparalelas.com.ar\/sitio\/wp-json\/wp\/v2\/posts\/70051\/revisions"}],"predecessor-version":[{"id":70054,"href":"https:\/\/vocesparalelas.com.ar\/sitio\/wp-json\/wp\/v2\/posts\/70051\/revisions\/70054"}],"wp:featuredmedia":[{"embeddable":true,"href":"https:\/\/vocesparalelas.com.ar\/sitio\/wp-json\/wp\/v2\/media\/69210"}],"wp:attachment":[{"href":"https:\/\/vocesparalelas.com.ar\/sitio\/wp-json\/wp\/v2\/media?parent=70051"}],"wp:term":[{"taxonomy":"category","embeddable":true,"href":"https:\/\/vocesparalelas.com.ar\/sitio\/wp-json\/wp\/v2\/categories?post=70051"},{"taxonomy":"post_tag","embeddable":true,"href":"https:\/\/vocesparalelas.com.ar\/sitio\/wp-json\/wp\/v2\/tags?post=70051"}],"curies":[{"name":"wp","href":"https:\/\/api.w.org\/{rel}","templated":true}]}}