{"id":70043,"date":"2024-03-06T19:22:31","date_gmt":"2024-03-06T22:22:31","guid":{"rendered":"https:\/\/vocesparalelas.com.ar\/sitio\/?p=70043"},"modified":"2024-03-06T19:22:31","modified_gmt":"2024-03-06T22:22:31","slug":"san-juan-ratifico-el-compromiso-por-desarrollar-una-mineria-sustentable","status":"publish","type":"post","link":"https:\/\/vocesparalelas.com.ar\/sitio\/san-juan-ratifico-el-compromiso-por-desarrollar-una-mineria-sustentable\/","title":{"rendered":"San Juan ratific\u00f3 el compromiso por desarrollar una miner\u00eda sustentable"},"content":{"rendered":"<p>En el marco de la Prospectors and Developers Association of Canada 2024 &#8211; PDAC , el gobernador de San Juan, Dr. Marcelo Orrego particip\u00f3 como orador de una actividad organizada por CAEM, C\u00e1mara Argentina de Empresas Mineras, en la que participaron inversores canadienses, representantes de empresas que operan en Argentina o que est\u00e1n interesadas en operar en Argentina.\u00a0El otro orador fue el gobernador de Mendoza, Ing. Alfredo Cornejo.<\/p>\n<p>A esto se sum\u00f3 una serie de reuniones con las empresas mineras m\u00e1s importantes del mundo en la que se plantearon futuras oportunidades de inversi\u00f3n de ellas en la provincia.<\/p>\n<p>Por ello, el el gobernador de San Juan, Dr. Marcelo Orrego ratific\u00f3 su compromiso por desarrollar una miner\u00eda sustentable en Cuyo, donde tambi\u00e9n la provincia de Mendoza confirm\u00f3 su voluntad de sumarse a la producci\u00f3n de cobre y a integrar la Mesa del Cobre a la que fue convocada por el gobernador.<\/p>\n<p>La agenda de actividades incluy\u00f3 a las dos principales empresas que trabajan en San Juan, Barrick y empresa Lundin, que lleva adelante el proyecto Josemar\u00eda. El gobernador tambi\u00e9n tuvo la oportunidad de dar un discurso en el marco de la feria montada en el PDAC.<\/p>\n<p>Otro punto destacado de la jornada fue la reuni\u00f3n con representantes del Departamento de Comercio y del Departamento de Estado del Gobierno de los Estados Unidos, con quienes se habl\u00f3 de un principio de acuerdo para financiar un relevamiento geof\u00edsico, geoqu\u00edmico y de alteraciones minerales en la provincia de San Juan, que es de vital importancia para poder dimensionar adecuadamente el potencial minero de la provincia y que son estudios muy esperados por el Estado sanjuanino para dimensionar el potencial de la provincia.<\/p>\n<p>Durante la tercera jornada, el Dr. Marcelo Orrego tambi\u00e9n mantuvo reuniones con dos importantes reuniones con dos de las principales empresas mineras a nivel mundial, TECK, empresa canadiense y con BHP, la m\u00e1s importante del mundo y cuyo origen es australiano. En ambos casos se plante\u00f3 futuras oportunidades de inversi\u00f3n en las provincias.<\/p>\n<p>Por otro lado, se llev\u00f3 a cabo un encuentro con funcionarios del gobierno franc\u00e9s, pertenecientes a las \u00e1reas de relaciones exteriores del Ministerio de Asuntos Exteriores y de la Secretar\u00eda de Minerales de Francia.<\/p>\n<p>Durante esta reuni\u00f3n, las autoridades francesas expresaron su inter\u00e9s en colaborar y cooperar con empresas de su pa\u00eds para aumentar las inversiones en proyectos de cobre en la regi\u00f3n de San Juan. Asimismo, ofrecieron su apoyo para la realizaci\u00f3n de estudios y evaluaciones relacionados con el desarrollo de infraestructura y energ\u00eda renovable. Este inter\u00e9s coincide con la postura manifestada por otros gobiernos europeos, durante el anterior viaje de Marcelo Orrego a Alemania, de incrementar su participaci\u00f3n en proyectos de cobre mediante inversiones tanto gubernamentales como empresariales.<\/p>\n<p>El gobernador se encuentra acompa\u00f1ado por el ministro de Miner\u00eda de San Juan, Dr. Juan Pablo Perea, quien tambi\u00e9n est\u00e1 participando de las actividades y posicionando a la provincia ante el mundo.<\/p>\n<p>&nbsp;<\/p>\n<p>&nbsp;<\/p>\n","protected":false},"excerpt":{"rendered":"<p>En el marco de la Prospectors and Developers Association of Canada 2024 &#8211; PDAC , el gobernador de San Juan,<\/p>\n","protected":false},"author":3,"featured_media":70046,"comment_status":"closed","ping_status":"closed","sticky":false,"template":"","format":"standard","meta":{"_acf_changed":false,"_seopress_robots_primary_cat":"none","_seopress_titles_title":"","_seopress_titles_desc":"","_seopress_robots_index":"","colormag_page_container_layout":"default_layout","colormag_page_sidebar_layout":"default_layout","footnotes":""},"categories":[1],"tags":[],"class_list":["post-70043","post","type-post","status-publish","format-standard","has-post-thumbnail","hentry","category-destacadas"],"acf":[],"_links":{"self":[{"href":"https:\/\/vocesparalelas.com.ar\/sitio\/wp-json\/wp\/v2\/posts\/70043","targetHints":{"allow":["GET"]}}],"collection":[{"href":"https:\/\/vocesparalelas.com.ar\/sitio\/wp-json\/wp\/v2\/posts"}],"about":[{"href":"https:\/\/vocesparalelas.com.ar\/sitio\/wp-json\/wp\/v2\/types\/post"}],"author":[{"embeddable":true,"href":"https:\/\/vocesparalelas.com.ar\/sitio\/wp-json\/wp\/v2\/users\/3"}],"replies":[{"embeddable":true,"href":"https:\/\/vocesparalelas.com.ar\/sitio\/wp-json\/wp\/v2\/comments?post=70043"}],"version-history":[{"count":1,"href":"https:\/\/vocesparalelas.com.ar\/sitio\/wp-json\/wp\/v2\/posts\/70043\/revisions"}],"predecessor-version":[{"id":70047,"href":"https:\/\/vocesparalelas.com.ar\/sitio\/wp-json\/wp\/v2\/posts\/70043\/revisions\/70047"}],"wp:featuredmedia":[{"embeddable":true,"href":"https:\/\/vocesparalelas.com.ar\/sitio\/wp-json\/wp\/v2\/media\/70046"}],"wp:attachment":[{"href":"https:\/\/vocesparalelas.com.ar\/sitio\/wp-json\/wp\/v2\/media?parent=70043"}],"wp:term":[{"taxonomy":"category","embeddable":true,"href":"https:\/\/vocesparalelas.com.ar\/sitio\/wp-json\/wp\/v2\/categories?post=70043"},{"taxonomy":"post_tag","embeddable":true,"href":"https:\/\/vocesparalelas.com.ar\/sitio\/wp-json\/wp\/v2\/tags?post=70043"}],"curies":[{"name":"wp","href":"https:\/\/api.w.org\/{rel}","templated":true}]}}