{"id":69989,"date":"2024-03-04T21:37:46","date_gmt":"2024-03-05T00:37:46","guid":{"rendered":"https:\/\/vocesparalelas.com.ar\/sitio\/?p=69989"},"modified":"2024-03-06T23:04:25","modified_gmt":"2024-03-07T02:04:25","slug":"fiesta-en-honor-al-santo-cura-brochero-en-san-juan","status":"publish","type":"post","link":"https:\/\/vocesparalelas.com.ar\/sitio\/fiesta-en-honor-al-santo-cura-brochero-en-san-juan\/","title":{"rendered":"Fiesta en honor al Santo Cura Brochero en San Juan"},"content":{"rendered":"<p>El Centro Evangelizador Santo Cura Brochero realiza la fiesta patronal en memoria del natalicio del trascendente sacerdote, que tuvo lugar el 16 de Marzo de 1840 en la Villa Santa Rosa, Provincia de C\u00f3rdoba, del 7 al 16 de Marzo, en el predio entre Rodr\u00edguez y Necochea, Departamento Chimbas.<\/p>\n<p><strong><span style=\"color: #ff6600;\">Actividades<\/span><\/strong><\/p>\n<ul>\n<li>En cada una de las jornadas, a las 20 hs.; Adoraci\u00f3n al Sant\u00edsimo; a las 21 hs.; Misa de Sanaci\u00f3n e Imposici\u00f3n del Poncho Reliquia.<\/li>\n<li>S\u00e1bado, 16 de Marzo, a las 8:00 con la Santa Misa; a las 9 hs.;\u00a0 bautismos y a las 19:30 Procesi\u00f3n y Santa Misa, en lo que respecta a la actividad propiamente religiosa.<\/li>\n<li>Posteriormente, se ofrece la Fiesta Folcl\u00f3rica \u00abEntre Nosotros\u00bb, con la actuaci\u00f3n de Do\u00f1a Jovita, grupos musicales y dem\u00e1s artistas.<\/li>\n<\/ul>\n<p>Por otra parte, la fiesta cuenta con estacionamiento gratuito para los veh\u00edculos de los asistentes dentro del predio, al que tambi\u00e9n se llega con las l\u00edneas de colectivo 407 y 408.<\/p>\n<p><span style=\"color: #ff6600;\"><strong>Para m\u00e1s informaci\u00f3n<\/strong><\/span><\/p>\n<p>Los interesados pueden llamar al 2645649757 o al 4314551.<\/p>\n<p>&nbsp;<\/p>\n<p>&nbsp;<\/p>\n","protected":false},"excerpt":{"rendered":"<p>El Centro Evangelizador Santo Cura Brochero realiza la fiesta patronal en memoria del natalicio del trascendente sacerdote, que tuvo lugar<\/p>\n","protected":false},"author":3,"featured_media":14347,"comment_status":"closed","ping_status":"closed","sticky":false,"template":"","format":"standard","meta":{"_acf_changed":false,"_seopress_robots_primary_cat":"none","_seopress_titles_title":"","_seopress_titles_desc":"","_seopress_robots_index":"","colormag_page_container_layout":"default_layout","colormag_page_sidebar_layout":"default_layout","footnotes":""},"categories":[6],"tags":[],"class_list":["post-69989","post","type-post","status-publish","format-standard","has-post-thumbnail","hentry","category-eventos"],"acf":[],"_links":{"self":[{"href":"https:\/\/vocesparalelas.com.ar\/sitio\/wp-json\/wp\/v2\/posts\/69989","targetHints":{"allow":["GET"]}}],"collection":[{"href":"https:\/\/vocesparalelas.com.ar\/sitio\/wp-json\/wp\/v2\/posts"}],"about":[{"href":"https:\/\/vocesparalelas.com.ar\/sitio\/wp-json\/wp\/v2\/types\/post"}],"author":[{"embeddable":true,"href":"https:\/\/vocesparalelas.com.ar\/sitio\/wp-json\/wp\/v2\/users\/3"}],"replies":[{"embeddable":true,"href":"https:\/\/vocesparalelas.com.ar\/sitio\/wp-json\/wp\/v2\/comments?post=69989"}],"version-history":[{"count":1,"href":"https:\/\/vocesparalelas.com.ar\/sitio\/wp-json\/wp\/v2\/posts\/69989\/revisions"}],"predecessor-version":[{"id":69992,"href":"https:\/\/vocesparalelas.com.ar\/sitio\/wp-json\/wp\/v2\/posts\/69989\/revisions\/69992"}],"wp:featuredmedia":[{"embeddable":true,"href":"https:\/\/vocesparalelas.com.ar\/sitio\/wp-json\/wp\/v2\/media\/14347"}],"wp:attachment":[{"href":"https:\/\/vocesparalelas.com.ar\/sitio\/wp-json\/wp\/v2\/media?parent=69989"}],"wp:term":[{"taxonomy":"category","embeddable":true,"href":"https:\/\/vocesparalelas.com.ar\/sitio\/wp-json\/wp\/v2\/categories?post=69989"},{"taxonomy":"post_tag","embeddable":true,"href":"https:\/\/vocesparalelas.com.ar\/sitio\/wp-json\/wp\/v2\/tags?post=69989"}],"curies":[{"name":"wp","href":"https:\/\/api.w.org\/{rel}","templated":true}]}}