{"id":69979,"date":"2024-03-04T21:29:17","date_gmt":"2024-03-05T00:29:17","guid":{"rendered":"https:\/\/vocesparalelas.com.ar\/sitio\/?p=69979"},"modified":"2024-03-05T22:44:30","modified_gmt":"2024-03-06T01:44:30","slug":"gran-outlet-la-superiora-en-rawson-de-san-juan","status":"publish","type":"post","link":"https:\/\/vocesparalelas.com.ar\/sitio\/gran-outlet-la-superiora-en-rawson-de-san-juan\/","title":{"rendered":"\u201cGran Outlet La Superiora\u201d en Rawson de San Juan"},"content":{"rendered":"<p>El ministerio de Producci\u00f3n, Trabajo e Innovaci\u00f3n del Gobierno de San Juan a trav\u00e9s de la Secretaria de Industria, Comercio y Servicios invita al \u201cGran Outlet La Superiora\u201d, promete ser igual de exitoso que la primera edici\u00f3n realizada durante Febrero en el Departamento Rawson.<\/p>\n<p>En esta oportunidad participan alrededor de 70 comercios del departamento, que ofrecen liquidaciones de temporadas con ofertas que oscilan desde el 10% al 80% en descuentos.<\/p>\n<p>Adem\u00e1s, de la venta de indumentaria y calzado, hay sector de gastronom\u00eda, patio cervecero, shows y espect\u00e1culos para disfrutar en familia, el 8; 9 y 10 de Marzo de 2024 en las instalaciones de la Superiora, desde las 18 horas hasta las 23:30 horas.<\/p>\n<p>Vale destacar que este evento va por su segunda edici\u00f3n y est\u00e1 organizado por la C\u00e1mara de Comercio Agroindustrial y Turismo de Rawson. La primera se llev\u00f3 a cabo el 9 y 10 de Febrero, en la que tuvo buena recepci\u00f3n de la comunidad y los comercios lograron tener un buen volumen de ventas.<\/p>\n<p>El secretario Alejandro Mart\u00edn valor\u00f3 este tipo de iniciativa: \u00abEl Centro Comercial de Rawson es uno de los m\u00e1s importantes y el que m\u00e1s creci\u00f3 en estos \u00faltimos a\u00f1os en la provincia. Resaltamos esta uni\u00f3n de los comerciantes y sin lugar a dudas que vamos acompa\u00f1arlos para que contin\u00faen sucediendo este tipo de actividades que beneficie a la comunidad sanjuanina\u201d.<\/p>\n<p>El Presidente de la C\u00e1mara de Comercio, Agroindustrial y Turismo de Rawson, Gast\u00f3n Villordo manifest\u00f3 que \u00abes fundamental generar estas articulaciones del trabajo en equipo entre lo p\u00fablico y privado. Adem\u00e1s, es fundamental que el gobierno de San Juan apoye esta iniciativa totalmente in\u00e9dita en el que los comerciantes del departamento Rawson se unan para generar este outlet\u201d.<\/p>\n<p>Para cerrar, la Presidente de la C\u00e1mara de Comercio Industria y Turismo de Mujeres Empresarias y Emprendedoras de San Juan, Flavia Barrag\u00e1n subray\u00f3 que \u00abcomo comerciante es significativo este tipo de apoyo en un momento complejo en el que estamos viviendo en el cual nos sentimos acompa\u00f1ados. Estas actividades nos sirven mucho para poder incrementar las ventas y liquidar el stock de mercader\u00eda de esta temporada\u201d.<\/p>\n<p>&nbsp;<\/p>\n<p><img loading=\"lazy\" decoding=\"async\" class=\"alignnone size-full wp-image-67149\" src=\"https:\/\/vocesparalelas.com.ar\/sitio\/wp-content\/uploads\/2023\/12\/RAWSON-LOGO-NUEVO.jpg\" alt=\"\" width=\"800\" height=\"533\" srcset=\"https:\/\/vocesparalelas.com.ar\/sitio\/wp-content\/uploads\/2023\/12\/RAWSON-LOGO-NUEVO.jpg 800w, https:\/\/vocesparalelas.com.ar\/sitio\/wp-content\/uploads\/2023\/12\/RAWSON-LOGO-NUEVO-300x200.jpg 300w, https:\/\/vocesparalelas.com.ar\/sitio\/wp-content\/uploads\/2023\/12\/RAWSON-LOGO-NUEVO-768x512.jpg 768w\" sizes=\"auto, (max-width: 800px) 100vw, 800px\" \/><\/p>\n","protected":false},"excerpt":{"rendered":"<p>El ministerio de Producci\u00f3n, Trabajo e Innovaci\u00f3n del Gobierno de San Juan a trav\u00e9s de la Secretaria de Industria, Comercio<\/p>\n","protected":false},"author":3,"featured_media":69982,"comment_status":"closed","ping_status":"closed","sticky":false,"template":"","format":"standard","meta":{"_acf_changed":false,"_seopress_robots_primary_cat":"none","_seopress_titles_title":"","_seopress_titles_desc":"","_seopress_robots_index":"","colormag_page_container_layout":"default_layout","colormag_page_sidebar_layout":"default_layout","footnotes":""},"categories":[6],"tags":[],"class_list":["post-69979","post","type-post","status-publish","format-standard","has-post-thumbnail","hentry","category-eventos"],"acf":[],"_links":{"self":[{"href":"https:\/\/vocesparalelas.com.ar\/sitio\/wp-json\/wp\/v2\/posts\/69979","targetHints":{"allow":["GET"]}}],"collection":[{"href":"https:\/\/vocesparalelas.com.ar\/sitio\/wp-json\/wp\/v2\/posts"}],"about":[{"href":"https:\/\/vocesparalelas.com.ar\/sitio\/wp-json\/wp\/v2\/types\/post"}],"author":[{"embeddable":true,"href":"https:\/\/vocesparalelas.com.ar\/sitio\/wp-json\/wp\/v2\/users\/3"}],"replies":[{"embeddable":true,"href":"https:\/\/vocesparalelas.com.ar\/sitio\/wp-json\/wp\/v2\/comments?post=69979"}],"version-history":[{"count":1,"href":"https:\/\/vocesparalelas.com.ar\/sitio\/wp-json\/wp\/v2\/posts\/69979\/revisions"}],"predecessor-version":[{"id":69983,"href":"https:\/\/vocesparalelas.com.ar\/sitio\/wp-json\/wp\/v2\/posts\/69979\/revisions\/69983"}],"wp:featuredmedia":[{"embeddable":true,"href":"https:\/\/vocesparalelas.com.ar\/sitio\/wp-json\/wp\/v2\/media\/69982"}],"wp:attachment":[{"href":"https:\/\/vocesparalelas.com.ar\/sitio\/wp-json\/wp\/v2\/media?parent=69979"}],"wp:term":[{"taxonomy":"category","embeddable":true,"href":"https:\/\/vocesparalelas.com.ar\/sitio\/wp-json\/wp\/v2\/categories?post=69979"},{"taxonomy":"post_tag","embeddable":true,"href":"https:\/\/vocesparalelas.com.ar\/sitio\/wp-json\/wp\/v2\/tags?post=69979"}],"curies":[{"name":"wp","href":"https:\/\/api.w.org\/{rel}","templated":true}]}}