{"id":69968,"date":"2024-03-04T19:38:41","date_gmt":"2024-03-04T22:38:41","guid":{"rendered":"https:\/\/vocesparalelas.com.ar\/sitio\/?p=69968"},"modified":"2024-03-04T19:40:16","modified_gmt":"2024-03-04T22:40:16","slug":"paro-por-24-hs-del-transporte-publico-de-san-juan-el-martes-05-de-marzo-de-2024","status":"publish","type":"post","link":"https:\/\/vocesparalelas.com.ar\/sitio\/paro-por-24-hs-del-transporte-publico-de-san-juan-el-martes-05-de-marzo-de-2024\/","title":{"rendered":"Paro por 24 hs.; del Transporte P\u00fablico de San Juan el Martes, 05 de Marzo de 2024"},"content":{"rendered":"<p>UTA San Juan comunica a los compa\u00f1eros de corta y media distancia, al p\u00fablico usuario del transporte p\u00fablico y a la sociedad en general que, atento a la medida de fuerza decretada por nuestro Consejo Directivo Nacional, para el Martes, 5 de Marzo y por el t\u00e9rmino de 24 horas.<\/p>\n<p>Luego de haber agotado las instancias de negociaci\u00f3n tanto con la C\u00e1mara Empresaria A.T.A.P, y el gobierno de San Juan, sin haber tenido ninguna soluci\u00f3n y negarse la c\u00e1mara empresaria a firmar el acuerdo de igual manera que en el \u00e1mbito del AMBA.<\/p>\n<p>Comunicamos que la medida de fuerza se llevar\u00e1 adelante, a partir de las 00 horas del Martes 5 de Marzo y por el t\u00e9rmino de 24 horas y sin asistencia a los lugares de trabajo.<\/p>\n<p style=\"text-align: right;\">Junta Ejecutiva<\/p>\n<p style=\"text-align: right;\">Cuerpos de Delegados<\/p>\n<p style=\"text-align: right;\">U.T.A. Seccional San Juan<\/p>\n<p style=\"text-align: right;\">Marcelo Maldonado<\/p>\n<p style=\"text-align: right;\">Secretario General de UTA San Juan<\/p>\n<p>&nbsp;<\/p>\n<p><img loading=\"lazy\" decoding=\"async\" class=\"alignnone size-full wp-image-69356\" src=\"https:\/\/vocesparalelas.com.ar\/sitio\/wp-content\/uploads\/2024\/02\/UTA-SAN-JUAN.jpg\" alt=\"\" width=\"800\" height=\"450\" srcset=\"https:\/\/vocesparalelas.com.ar\/sitio\/wp-content\/uploads\/2024\/02\/UTA-SAN-JUAN.jpg 800w, https:\/\/vocesparalelas.com.ar\/sitio\/wp-content\/uploads\/2024\/02\/UTA-SAN-JUAN-300x169.jpg 300w, https:\/\/vocesparalelas.com.ar\/sitio\/wp-content\/uploads\/2024\/02\/UTA-SAN-JUAN-768x432.jpg 768w\" sizes=\"auto, (max-width: 800px) 100vw, 800px\" \/><\/p>\n","protected":false},"excerpt":{"rendered":"<p>UTA San Juan comunica a los compa\u00f1eros de corta y media distancia, al p\u00fablico usuario del transporte p\u00fablico y a<\/p>\n","protected":false},"author":3,"featured_media":48167,"comment_status":"closed","ping_status":"closed","sticky":false,"template":"","format":"standard","meta":{"_acf_changed":false,"_seopress_robots_primary_cat":"none","_seopress_titles_title":"","_seopress_titles_desc":"","_seopress_robots_index":"","colormag_page_container_layout":"default_layout","colormag_page_sidebar_layout":"default_layout","footnotes":""},"categories":[1],"tags":[],"class_list":["post-69968","post","type-post","status-publish","format-standard","has-post-thumbnail","hentry","category-destacadas"],"acf":[],"_links":{"self":[{"href":"https:\/\/vocesparalelas.com.ar\/sitio\/wp-json\/wp\/v2\/posts\/69968","targetHints":{"allow":["GET"]}}],"collection":[{"href":"https:\/\/vocesparalelas.com.ar\/sitio\/wp-json\/wp\/v2\/posts"}],"about":[{"href":"https:\/\/vocesparalelas.com.ar\/sitio\/wp-json\/wp\/v2\/types\/post"}],"author":[{"embeddable":true,"href":"https:\/\/vocesparalelas.com.ar\/sitio\/wp-json\/wp\/v2\/users\/3"}],"replies":[{"embeddable":true,"href":"https:\/\/vocesparalelas.com.ar\/sitio\/wp-json\/wp\/v2\/comments?post=69968"}],"version-history":[{"count":3,"href":"https:\/\/vocesparalelas.com.ar\/sitio\/wp-json\/wp\/v2\/posts\/69968\/revisions"}],"predecessor-version":[{"id":69973,"href":"https:\/\/vocesparalelas.com.ar\/sitio\/wp-json\/wp\/v2\/posts\/69968\/revisions\/69973"}],"wp:featuredmedia":[{"embeddable":true,"href":"https:\/\/vocesparalelas.com.ar\/sitio\/wp-json\/wp\/v2\/media\/48167"}],"wp:attachment":[{"href":"https:\/\/vocesparalelas.com.ar\/sitio\/wp-json\/wp\/v2\/media?parent=69968"}],"wp:term":[{"taxonomy":"category","embeddable":true,"href":"https:\/\/vocesparalelas.com.ar\/sitio\/wp-json\/wp\/v2\/categories?post=69968"},{"taxonomy":"post_tag","embeddable":true,"href":"https:\/\/vocesparalelas.com.ar\/sitio\/wp-json\/wp\/v2\/tags?post=69968"}],"curies":[{"name":"wp","href":"https:\/\/api.w.org\/{rel}","templated":true}]}}