{"id":69926,"date":"2024-03-02T22:59:06","date_gmt":"2024-03-03T01:59:06","guid":{"rendered":"https:\/\/vocesparalelas.com.ar\/sitio\/?p=69926"},"modified":"2024-03-04T22:06:10","modified_gmt":"2024-03-05T01:06:10","slug":"se-conmemora-el-mes-de-la-mujer-en-rawson","status":"publish","type":"post","link":"https:\/\/vocesparalelas.com.ar\/sitio\/se-conmemora-el-mes-de-la-mujer-en-rawson\/","title":{"rendered":"Se conmemora el Mes de la Mujer en Rawson"},"content":{"rendered":"<p>En un mes dedicado a conmemorar la lucha y los logros de las mujeres, la Municipalidad de la Ciudad de Rawson organiza y acompa\u00f1a en una variada agenda de actividades para celebrar el Mes de la Mujer.<\/p>\n<p>Desde reconocimientos hasta talleres, pasando por eventos culturales y de concientizaci\u00f3n, la ciudad se prepara para honrar a las mujeres en todas sus dimensiones.<\/p>\n<p><strong><span style=\"color: #ff00ff;\">Programa<\/span><\/strong><\/p>\n<ul>\n<li>Domingo, 3 de Marzo, a las 19 horas, en el Centro de Convenciones Libertadores de Am\u00e9rica en Villa Krause, se desarrolla la ceremonia \u00abMujeres Empresarias de Rawson\u00bb, con la entrega de distinciones a las mujeres comerciantes y emprendedoras locales.<\/li>\n<li>Lunes, 4 de Marzo, desde las 9 horas en la Plaza de Villa Larman, se realiza el \u00abOperativo Mujer Saludable\u00bb, organizado por la Direcci\u00f3n de Salud Comunitaria, la Secretar\u00eda de Desarrollo Humano Integral, y la Fundaci\u00f3n Sanatorio Argentino, con el objetivo de concientizar sobre la importancia de la salud femenina.<\/li>\n<li>Lunes, 4 de Marzo, a las 18:30 horas, en el Centro de Convenciones Libertadores de Am\u00e9rica, se llevar\u00e1 a cabo un conversatorio titulado \u00abMujeres y Derechos: las asignaturas pendientes\u00bb, a cargo de la reconocida soci\u00f3loga, investigadora e historiadora, Dora Barrancos.<\/li>\n<li>Martes, 5 de Marzo, con un encuentro de trabajo en el Palacio Municipal, donde se firma un convenio entre el intendente Dr. Carlos Munisaga y la Fundaci\u00f3n Sanatorio Argentino.<\/li>\n<li>Martes, 5 de Marzo, a las 18 hs.; en la Plaza de la Mujer en el Barrio Hualil\u00e1n, se realiza la actividad recreativa \u00abRecetas de la Abuela\u00bb, organizada por la Direcci\u00f3n de Familia y Promoci\u00f3n Social.<\/li>\n<li>Mi\u00e9rcoles, 6 de marzo, a las 18, 30 hs.; se desarrolla la pintura de un \u00abBanco Rojo\u00bb como s\u00edmbolo de la lucha contra la violencia de g\u00e9nero, seguido por una clase especial de Zumba para mujeres en el complejo La Superiora.<\/li>\n<li>Jueves, 7 de Marzo, se realiza una Sesi\u00f3n Especial del Concejo Deliberante de la Municipalidad de la Ciudad de Rawson, para distinguir a 20 mujeres destacadas del departamento.<\/li>\n<li>Viernes, 8 de Marzo, a las 18 hs.; D\u00eda Internacional de la Mujer, con \u00abMujeres de Mi Patria\u00bb, donde se descubre una placa en el paseo del mismo nombre y se honra a mujeres que han contribuido al desarrollo de la comunidad.<\/li>\n<li>Lunes, 11 de Marzo, a las 18 hs.; charla taller sobre desarrollo personal y liderazgo, dictada por la Lic. en Psicolog\u00eda Natalia Saleme, en el Centro de Convenciones Libertadores de Am\u00e9rica.<\/li>\n<\/ul>\n<p>Con esta variada agenda, Rawson contin\u00faa fortaleciendo su compromiso con la equidad de g\u00e9nero y el reconocimiento de la labor y el valor de las mujeres en la sociedad.<\/p>\n<p><img loading=\"lazy\" decoding=\"async\" class=\"alignnone size-full wp-image-67149\" src=\"https:\/\/vocesparalelas.com.ar\/sitio\/wp-content\/uploads\/2023\/12\/RAWSON-LOGO-NUEVO.jpg\" alt=\"\" width=\"800\" height=\"533\" srcset=\"https:\/\/vocesparalelas.com.ar\/sitio\/wp-content\/uploads\/2023\/12\/RAWSON-LOGO-NUEVO.jpg 800w, https:\/\/vocesparalelas.com.ar\/sitio\/wp-content\/uploads\/2023\/12\/RAWSON-LOGO-NUEVO-300x200.jpg 300w, https:\/\/vocesparalelas.com.ar\/sitio\/wp-content\/uploads\/2023\/12\/RAWSON-LOGO-NUEVO-768x512.jpg 768w\" sizes=\"auto, (max-width: 800px) 100vw, 800px\" \/><\/p>\n","protected":false},"excerpt":{"rendered":"<p>En un mes dedicado a conmemorar la lucha y los logros de las mujeres, la Municipalidad de la Ciudad de<\/p>\n","protected":false},"author":3,"featured_media":53086,"comment_status":"closed","ping_status":"closed","sticky":false,"template":"","format":"standard","meta":{"_acf_changed":false,"_seopress_robots_primary_cat":"none","_seopress_titles_title":"","_seopress_titles_desc":"","_seopress_robots_index":"","colormag_page_container_layout":"default_layout","colormag_page_sidebar_layout":"default_layout","footnotes":""},"categories":[20],"tags":[],"class_list":["post-69926","post","type-post","status-publish","format-standard","has-post-thumbnail","hentry","category-cartelera"],"acf":[],"_links":{"self":[{"href":"https:\/\/vocesparalelas.com.ar\/sitio\/wp-json\/wp\/v2\/posts\/69926","targetHints":{"allow":["GET"]}}],"collection":[{"href":"https:\/\/vocesparalelas.com.ar\/sitio\/wp-json\/wp\/v2\/posts"}],"about":[{"href":"https:\/\/vocesparalelas.com.ar\/sitio\/wp-json\/wp\/v2\/types\/post"}],"author":[{"embeddable":true,"href":"https:\/\/vocesparalelas.com.ar\/sitio\/wp-json\/wp\/v2\/users\/3"}],"replies":[{"embeddable":true,"href":"https:\/\/vocesparalelas.com.ar\/sitio\/wp-json\/wp\/v2\/comments?post=69926"}],"version-history":[{"count":1,"href":"https:\/\/vocesparalelas.com.ar\/sitio\/wp-json\/wp\/v2\/posts\/69926\/revisions"}],"predecessor-version":[{"id":69929,"href":"https:\/\/vocesparalelas.com.ar\/sitio\/wp-json\/wp\/v2\/posts\/69926\/revisions\/69929"}],"wp:featuredmedia":[{"embeddable":true,"href":"https:\/\/vocesparalelas.com.ar\/sitio\/wp-json\/wp\/v2\/media\/53086"}],"wp:attachment":[{"href":"https:\/\/vocesparalelas.com.ar\/sitio\/wp-json\/wp\/v2\/media?parent=69926"}],"wp:term":[{"taxonomy":"category","embeddable":true,"href":"https:\/\/vocesparalelas.com.ar\/sitio\/wp-json\/wp\/v2\/categories?post=69926"},{"taxonomy":"post_tag","embeddable":true,"href":"https:\/\/vocesparalelas.com.ar\/sitio\/wp-json\/wp\/v2\/tags?post=69926"}],"curies":[{"name":"wp","href":"https:\/\/api.w.org\/{rel}","templated":true}]}}