{"id":69828,"date":"2024-02-29T18:32:29","date_gmt":"2024-02-29T21:32:29","guid":{"rendered":"https:\/\/vocesparalelas.com.ar\/sitio\/?p=69828"},"modified":"2024-03-01T21:29:25","modified_gmt":"2024-03-02T00:29:25","slug":"se-acredito-los-haberes-febrero-2024-con-un-aumento-del-15-en-la-municipalidad-de-la-ciudad-capital","status":"publish","type":"post","link":"https:\/\/vocesparalelas.com.ar\/sitio\/se-acredito-los-haberes-febrero-2024-con-un-aumento-del-15-en-la-municipalidad-de-la-ciudad-capital\/","title":{"rendered":"Se acredit\u00f3 los haberes \u00abFebrero 2024\u00bb con un aumento del 15 % en la Municipalidad de la Ciudad Capital"},"content":{"rendered":"<p>La Municipalidad de la Ciudad de San Juan informa que en consonancia con lo dispuesto por el Gobierno de San Juan, ya acredit\u00f3 los haberes \u00abFebrero 2024\u00bb con un aumento del 15 % tanto para los empleados de planta permanente como contratados.<\/p>\n<p>Adem\u00e1s, la Intendente Dra. Susana Laciar, decidi\u00f3 otorgar un bono especial por \u00fanica vez a\u00a0los empleados municipales de 50 mil pesos y de 30 mil pesos para los contratados.<\/p>\n<p>Dicho bono se acredita los primeros d\u00edas de Marzo.<\/p>\n<p>&nbsp;<\/p>\n<p><img loading=\"lazy\" decoding=\"async\" class=\"alignnone size-full wp-image-67559\" src=\"https:\/\/vocesparalelas.com.ar\/sitio\/wp-content\/uploads\/2023\/12\/CAPITAL-SAN-JUAN-LOGO.png\" alt=\"\" width=\"800\" height=\"304\" srcset=\"https:\/\/vocesparalelas.com.ar\/sitio\/wp-content\/uploads\/2023\/12\/CAPITAL-SAN-JUAN-LOGO.png 800w, https:\/\/vocesparalelas.com.ar\/sitio\/wp-content\/uploads\/2023\/12\/CAPITAL-SAN-JUAN-LOGO-300x114.png 300w, https:\/\/vocesparalelas.com.ar\/sitio\/wp-content\/uploads\/2023\/12\/CAPITAL-SAN-JUAN-LOGO-768x292.png 768w\" sizes=\"auto, (max-width: 800px) 100vw, 800px\" \/><\/p>\n","protected":false},"excerpt":{"rendered":"<p>La Municipalidad de la Ciudad de San Juan informa que en consonancia con lo dispuesto por el Gobierno de San<\/p>\n","protected":false},"author":3,"featured_media":5390,"comment_status":"closed","ping_status":"closed","sticky":false,"template":"","format":"standard","meta":{"_acf_changed":false,"_seopress_robots_primary_cat":"none","_seopress_titles_title":"","_seopress_titles_desc":"","_seopress_robots_index":"","colormag_page_container_layout":"default_layout","colormag_page_sidebar_layout":"default_layout","footnotes":""},"categories":[6],"tags":[],"class_list":["post-69828","post","type-post","status-publish","format-standard","has-post-thumbnail","hentry","category-eventos"],"acf":[],"_links":{"self":[{"href":"https:\/\/vocesparalelas.com.ar\/sitio\/wp-json\/wp\/v2\/posts\/69828","targetHints":{"allow":["GET"]}}],"collection":[{"href":"https:\/\/vocesparalelas.com.ar\/sitio\/wp-json\/wp\/v2\/posts"}],"about":[{"href":"https:\/\/vocesparalelas.com.ar\/sitio\/wp-json\/wp\/v2\/types\/post"}],"author":[{"embeddable":true,"href":"https:\/\/vocesparalelas.com.ar\/sitio\/wp-json\/wp\/v2\/users\/3"}],"replies":[{"embeddable":true,"href":"https:\/\/vocesparalelas.com.ar\/sitio\/wp-json\/wp\/v2\/comments?post=69828"}],"version-history":[{"count":1,"href":"https:\/\/vocesparalelas.com.ar\/sitio\/wp-json\/wp\/v2\/posts\/69828\/revisions"}],"predecessor-version":[{"id":69831,"href":"https:\/\/vocesparalelas.com.ar\/sitio\/wp-json\/wp\/v2\/posts\/69828\/revisions\/69831"}],"wp:featuredmedia":[{"embeddable":true,"href":"https:\/\/vocesparalelas.com.ar\/sitio\/wp-json\/wp\/v2\/media\/5390"}],"wp:attachment":[{"href":"https:\/\/vocesparalelas.com.ar\/sitio\/wp-json\/wp\/v2\/media?parent=69828"}],"wp:term":[{"taxonomy":"category","embeddable":true,"href":"https:\/\/vocesparalelas.com.ar\/sitio\/wp-json\/wp\/v2\/categories?post=69828"},{"taxonomy":"post_tag","embeddable":true,"href":"https:\/\/vocesparalelas.com.ar\/sitio\/wp-json\/wp\/v2\/tags?post=69828"}],"curies":[{"name":"wp","href":"https:\/\/api.w.org\/{rel}","templated":true}]}}