{"id":69788,"date":"2024-02-28T11:23:40","date_gmt":"2024-02-28T14:23:40","guid":{"rendered":"https:\/\/vocesparalelas.com.ar\/sitio\/?p=69788"},"modified":"2024-02-28T11:23:40","modified_gmt":"2024-02-28T14:23:40","slug":"sin-piso-salarial-y-sin-fonid-en-la-paritaria-docente-nacional","status":"publish","type":"post","link":"https:\/\/vocesparalelas.com.ar\/sitio\/sin-piso-salarial-y-sin-fonid-en-la-paritaria-docente-nacional\/","title":{"rendered":"Sin piso salarial y sin FONID en la Paritaria Docente Nacional"},"content":{"rendered":"<p>Despu\u00e9s, del paro nacional de CTERA, el Martes, 27 de Febrero, el Gobierno Nacional se reuni\u00f3 con los cinco gremios docentes para discutir la actualizaci\u00f3n del salario m\u00ednimo docente. La reuni\u00f3n se realiz\u00f3 en la Secretar\u00eda de Trabajo del Ministerio de Capital Humano, con las clases empezadas en 9 jurisdicciones de Argentina.<\/p>\n<p>Los gremios docentes eval\u00faan una nueva medida de fuerza, cuando el Gobierno no ofreci\u00f3 un aumento del salario m\u00ednimo y confirmara la eliminaci\u00f3n del FONID.<\/p>\n<p class=\"paragraph\" data-mrf-recirculation=\"Links inline\">Participaron de la reuni\u00f3n el secretario de Trabajo,\u00a0Omar Yasin; el secretario de Educaci\u00f3n, Dr. Carlos Torrendell, y los cinco gremios docentes nacionales\u00a0CTERA, UDA, AMET, SADOP y CEA.<\/p>\n<p class=\"paragraph\" data-mrf-recirculation=\"Links inline\">Tambi\u00e9n participaron diez ministros de educaci\u00f3n de las provincias y de la Ciudad de Buenos Aires, como parte del Consejo Federal de Educaci\u00f3n, y asistieron como invitadas agrupaciones representativas de las entidades educativas de gesti\u00f3n privada: Coordiep, Consudec, CAIEP y Aiepba.<\/p>\n<p class=\"paragraph\" data-mrf-recirculation=\"Links inline\">En el encuentro, el secretario de Educaci\u00f3n, Dr. Carlos Torrendell confirm\u00f3 la continuidad del Fondo Compensador, destinado a las provincias de menores recursos y el fin del Fondo Nacional de Incentivo Docente &#8211; FONID. Explic\u00f3 que se buscar\u00e1 reorientar los fondos a pol\u00edticas vinculadas con \u201caprendizajes efectivos\u201d como el Plan Nacional de Alfabetizaci\u00f3n y al sistema de informaci\u00f3n escolar.<\/p>\n<p class=\"paragraph\" data-mrf-recirculation=\"Links inline\">Para establecer el piso salarial, pidi\u00f3 que las\u00a0provincias\u00a0hagan llegar su oferta para discutirla en la mesa, y se llam\u00f3 a un\u00a0cuarto intermedio hasta el Martes 5 de Marzo.<\/p>\n<p data-mrf-recirculation=\"Links inline\">Fuentes: Infobae<\/p>\n","protected":false},"excerpt":{"rendered":"<p>Despu\u00e9s, del paro nacional de CTERA, el Martes, 27 de Febrero, el Gobierno Nacional se reuni\u00f3 con los cinco gremios<\/p>\n","protected":false},"author":3,"featured_media":69791,"comment_status":"closed","ping_status":"closed","sticky":false,"template":"","format":"standard","meta":{"_acf_changed":false,"_seopress_robots_primary_cat":"none","_seopress_titles_title":"","_seopress_titles_desc":"","_seopress_robots_index":"","colormag_page_container_layout":"default_layout","colormag_page_sidebar_layout":"default_layout","footnotes":""},"categories":[1],"tags":[],"class_list":["post-69788","post","type-post","status-publish","format-standard","has-post-thumbnail","hentry","category-destacadas"],"acf":[],"_links":{"self":[{"href":"https:\/\/vocesparalelas.com.ar\/sitio\/wp-json\/wp\/v2\/posts\/69788","targetHints":{"allow":["GET"]}}],"collection":[{"href":"https:\/\/vocesparalelas.com.ar\/sitio\/wp-json\/wp\/v2\/posts"}],"about":[{"href":"https:\/\/vocesparalelas.com.ar\/sitio\/wp-json\/wp\/v2\/types\/post"}],"author":[{"embeddable":true,"href":"https:\/\/vocesparalelas.com.ar\/sitio\/wp-json\/wp\/v2\/users\/3"}],"replies":[{"embeddable":true,"href":"https:\/\/vocesparalelas.com.ar\/sitio\/wp-json\/wp\/v2\/comments?post=69788"}],"version-history":[{"count":1,"href":"https:\/\/vocesparalelas.com.ar\/sitio\/wp-json\/wp\/v2\/posts\/69788\/revisions"}],"predecessor-version":[{"id":69792,"href":"https:\/\/vocesparalelas.com.ar\/sitio\/wp-json\/wp\/v2\/posts\/69788\/revisions\/69792"}],"wp:featuredmedia":[{"embeddable":true,"href":"https:\/\/vocesparalelas.com.ar\/sitio\/wp-json\/wp\/v2\/media\/69791"}],"wp:attachment":[{"href":"https:\/\/vocesparalelas.com.ar\/sitio\/wp-json\/wp\/v2\/media?parent=69788"}],"wp:term":[{"taxonomy":"category","embeddable":true,"href":"https:\/\/vocesparalelas.com.ar\/sitio\/wp-json\/wp\/v2\/categories?post=69788"},{"taxonomy":"post_tag","embeddable":true,"href":"https:\/\/vocesparalelas.com.ar\/sitio\/wp-json\/wp\/v2\/tags?post=69788"}],"curies":[{"name":"wp","href":"https:\/\/api.w.org\/{rel}","templated":true}]}}