{"id":69728,"date":"2024-02-26T20:35:48","date_gmt":"2024-02-26T23:35:48","guid":{"rendered":"https:\/\/vocesparalelas.com.ar\/sitio\/?p=69728"},"modified":"2024-02-29T01:05:37","modified_gmt":"2024-02-29T04:05:37","slug":"acordaron-proyectos-de-reparacion-y-nuevas-obras-para-beneficiar-a-los-vecinos-de-capital-y-rivadavia","status":"publish","type":"post","link":"https:\/\/vocesparalelas.com.ar\/sitio\/acordaron-proyectos-de-reparacion-y-nuevas-obras-para-beneficiar-a-los-vecinos-de-capital-y-rivadavia\/","title":{"rendered":"Acordaron proyectos de reparaci\u00f3n y nuevas obras para beneficiar a los vecinos de Capital y Rivadavia"},"content":{"rendered":"<p>En un esfuerzo por mejorar la infraestructura y la calidad de vida de los vecinos en los puntos l\u00edmites de la Ciudad Capital de San Juan y la Ciudad de Rivadavia.<\/p>\n<p>Es importante aclarar que, el Departamento de Capital limita con los Departamentos Rivadavia, Chimbas y Santa Luc\u00eda, Provincia de San Juan.<\/p>\n<p><img loading=\"lazy\" decoding=\"async\" class=\"alignnone size-large wp-image-69731 aligncenter\" src=\"https:\/\/vocesparalelas.com.ar\/sitio\/wp-content\/uploads\/2024\/02\/DEPARTAMENTO-CAPITAL-SAN-JUAN-MAPA-561x800.jpg\" alt=\"\" width=\"561\" height=\"800\" srcset=\"https:\/\/vocesparalelas.com.ar\/sitio\/wp-content\/uploads\/2024\/02\/DEPARTAMENTO-CAPITAL-SAN-JUAN-MAPA-561x800.jpg 561w, https:\/\/vocesparalelas.com.ar\/sitio\/wp-content\/uploads\/2024\/02\/DEPARTAMENTO-CAPITAL-SAN-JUAN-MAPA-210x300.jpg 210w, https:\/\/vocesparalelas.com.ar\/sitio\/wp-content\/uploads\/2024\/02\/DEPARTAMENTO-CAPITAL-SAN-JUAN-MAPA.jpg 718w\" sizes=\"auto, (max-width: 561px) 100vw, 561px\" \/><\/p>\n<p>El Departamento Rivadavia limita con los Departamentos Capital, Ullum, Chimbas, Zonda, Pocito y Rawson, Provincia de San Juan.<\/p>\n<p><img loading=\"lazy\" decoding=\"async\" class=\"alignnone size-large wp-image-69733\" src=\"https:\/\/vocesparalelas.com.ar\/sitio\/wp-content\/uploads\/2024\/02\/DEPARTAMENTO-RIVADAVIA-MAPA-698x800.jpg\" alt=\"\" width=\"698\" height=\"800\" srcset=\"https:\/\/vocesparalelas.com.ar\/sitio\/wp-content\/uploads\/2024\/02\/DEPARTAMENTO-RIVADAVIA-MAPA-698x800.jpg 698w, https:\/\/vocesparalelas.com.ar\/sitio\/wp-content\/uploads\/2024\/02\/DEPARTAMENTO-RIVADAVIA-MAPA-262x300.jpg 262w, https:\/\/vocesparalelas.com.ar\/sitio\/wp-content\/uploads\/2024\/02\/DEPARTAMENTO-RIVADAVIA-MAPA-768x880.jpg 768w, https:\/\/vocesparalelas.com.ar\/sitio\/wp-content\/uploads\/2024\/02\/DEPARTAMENTO-RIVADAVIA-MAPA.jpg 800w\" sizes=\"auto, (max-width: 698px) 100vw, 698px\" \/><\/p>\n<p>Provincia de San Juan con la divisi\u00f3n de los 19 Departamentos<\/p>\n<p><img loading=\"lazy\" decoding=\"async\" class=\"alignnone size-large wp-image-69734\" src=\"https:\/\/vocesparalelas.com.ar\/sitio\/wp-content\/uploads\/2024\/02\/PROVINCIA-SAN-JUAN-MAPA-758x800.jpg\" alt=\"\" width=\"758\" height=\"800\" srcset=\"https:\/\/vocesparalelas.com.ar\/sitio\/wp-content\/uploads\/2024\/02\/PROVINCIA-SAN-JUAN-MAPA-758x800.jpg 758w, https:\/\/vocesparalelas.com.ar\/sitio\/wp-content\/uploads\/2024\/02\/PROVINCIA-SAN-JUAN-MAPA-284x300.jpg 284w, https:\/\/vocesparalelas.com.ar\/sitio\/wp-content\/uploads\/2024\/02\/PROVINCIA-SAN-JUAN-MAPA-768x810.jpg 768w, https:\/\/vocesparalelas.com.ar\/sitio\/wp-content\/uploads\/2024\/02\/PROVINCIA-SAN-JUAN-MAPA.jpg 800w\" sizes=\"auto, (max-width: 758px) 100vw, 758px\" \/><\/p>\n<p>&nbsp;<\/p>\n<p>En este motivo, los intendentes de la Municipalidad de la Ciudad Capital de San Juan, Dr. Susana Laciar y de la Municipalidad de la Ciudad Rivadavia, Sergio Miodowsky se reunieron para acordar proyectos de reparaci\u00f3n y nuevas obras, en la esquina de Soler y Arenales.<\/p>\n<p><img loading=\"lazy\" decoding=\"async\" class=\"alignnone size-full wp-image-69736\" src=\"https:\/\/vocesparalelas.com.ar\/sitio\/wp-content\/uploads\/2024\/02\/CAPITAL-RIVADAVIA-02.jpg\" alt=\"\" width=\"800\" height=\"533\" srcset=\"https:\/\/vocesparalelas.com.ar\/sitio\/wp-content\/uploads\/2024\/02\/CAPITAL-RIVADAVIA-02.jpg 800w, https:\/\/vocesparalelas.com.ar\/sitio\/wp-content\/uploads\/2024\/02\/CAPITAL-RIVADAVIA-02-300x200.jpg 300w, https:\/\/vocesparalelas.com.ar\/sitio\/wp-content\/uploads\/2024\/02\/CAPITAL-RIVADAVIA-02-768x512.jpg 768w\" sizes=\"auto, (max-width: 800px) 100vw, 800px\" \/><\/p>\n<p>En el mismo, incluy\u00f3 un di\u00e1logo directo con los vecinos para escuchar sus inquietudes, resalta el compromiso de ambos funcionarios con el trabajo conjunto y la gesti\u00f3n compartida.<\/p>\n<p><img loading=\"lazy\" decoding=\"async\" class=\"alignnone size-full wp-image-69737\" src=\"https:\/\/vocesparalelas.com.ar\/sitio\/wp-content\/uploads\/2024\/02\/CAPITAL-RIVADAVIA-03.jpg\" alt=\"\" width=\"800\" height=\"533\" srcset=\"https:\/\/vocesparalelas.com.ar\/sitio\/wp-content\/uploads\/2024\/02\/CAPITAL-RIVADAVIA-03.jpg 800w, https:\/\/vocesparalelas.com.ar\/sitio\/wp-content\/uploads\/2024\/02\/CAPITAL-RIVADAVIA-03-300x200.jpg 300w, https:\/\/vocesparalelas.com.ar\/sitio\/wp-content\/uploads\/2024\/02\/CAPITAL-RIVADAVIA-03-768x512.jpg 768w\" sizes=\"auto, (max-width: 800px) 100vw, 800px\" \/><\/p>\n<p>Por ello, la Dra. Susana Laciar destac\u00f3 que \u00abel compromiso de ambos municipios a trav\u00e9s de un trabajo en conjunto para darle a los vecinos lo que est\u00e1n requiriendo que. son obras de cord\u00f3n cuneta, veredas y mantenimiento. En las que vamos a trabajar mancomunadamente con el intendente de la Ciudad de Rivadavia\u201d. A la vez aclar\u00f3 que \u201ctrabajaremos en todas las zonas colindantes y que necesiten intervenci\u00f3n de las comunas con buen di\u00e1logo y gesti\u00f3n mancomunada\u201d.<\/p>\n<p><span style=\"color: #ff6600;\"><strong>Proyecto de Obras<\/strong><\/span><\/p>\n<p>Entre los temas abordados se destacaron las tareas de reparaci\u00f3n de banquinas, cordones, cunetas, zapatas y dos rotondas de esta zona. Siendo esta la primera zona a abordar para luego continuar con las intervenciones en otras \u00e1reas lim\u00edtrofes entre ambos municipios.<\/p>\n<p>La colaboraci\u00f3n entre ambos gobiernos municipales facilita la ejecuci\u00f3n de obras y promueve una distribuci\u00f3n equitativa de los recursos y servicios. Esta iniciativa conjunta demuestra una visi\u00f3n integradora y la voluntad de velar por una mejor calidad de vida para los vecinos.<\/p>\n<p>Las labores se proyectan como abordajes integrales y se materializar\u00e1n en tres etapas: la primera, sobre calle Arenales entre calle Echeverr\u00eda y calle Soler. La segunda, sobre calle Arenales entre calle Soler y calle San Miguel. Y la tercera en calle San Miguel entre calle Arenales y avenida Ignacio de la Roza.<\/p>\n<p>Los trabajos que se llevar\u00e1n a cabo son los de mejoras de cord\u00f3n, cuneta y banquinas con proyecci\u00f3n de bacheo y pavimentaci\u00f3n. Adem\u00e1s, las intervenciones de dos rotondas derivadoras sobre una de las arterias. Es decir, un mejoramiento general, que permitir\u00e1 una circulaci\u00f3n m\u00e1s eficiente y un embellecimiento de la zona.<\/p>\n<p>Cada gesti\u00f3n se har\u00e1 cargo de la margen que le corresponde pero la planificaci\u00f3n total de la obra se har\u00e1 en conjunto as\u00ed como tambi\u00e9n el avance cuadra por cuadra.<\/p>\n<p>Estos trabajos se sumar\u00e1n a los que Rivadavia Ciudad ya realiza en la plaza del barrio Centinela, en el l\u00edmite de Rivadavia y Rawson a trav\u00e9s de calle San Miguel y el portal departamental que se ejecutar\u00e1 pr\u00f3ximamente en el l\u00edmite entre Rivadavia y Chimbas, a trav\u00e9s de calle Arnobio S\u00e1nchez.<\/p>\n<p>De esta manera, Sergio Miodowsky demuestra que todos sus vecinos tienen la misma val\u00eda y que los l\u00edmites departamentales deben funcionar como puentes que unan a los ciudadanos.<\/p>\n<p><img loading=\"lazy\" decoding=\"async\" class=\"alignnone size-full wp-image-67559\" src=\"https:\/\/vocesparalelas.com.ar\/sitio\/wp-content\/uploads\/2023\/12\/CAPITAL-SAN-JUAN-LOGO.png\" alt=\"\" width=\"800\" height=\"304\" srcset=\"https:\/\/vocesparalelas.com.ar\/sitio\/wp-content\/uploads\/2023\/12\/CAPITAL-SAN-JUAN-LOGO.png 800w, https:\/\/vocesparalelas.com.ar\/sitio\/wp-content\/uploads\/2023\/12\/CAPITAL-SAN-JUAN-LOGO-300x114.png 300w, https:\/\/vocesparalelas.com.ar\/sitio\/wp-content\/uploads\/2023\/12\/CAPITAL-SAN-JUAN-LOGO-768x292.png 768w\" sizes=\"auto, (max-width: 800px) 100vw, 800px\" \/><\/p>\n<p>&nbsp;<\/p>\n<p><img loading=\"lazy\" decoding=\"async\" class=\"alignnone size-full wp-image-66896\" src=\"https:\/\/vocesparalelas.com.ar\/sitio\/wp-content\/uploads\/2023\/12\/RIVADAVIA-LOGO-NUEVO.jpg\" alt=\"\" width=\"800\" height=\"533\" srcset=\"https:\/\/vocesparalelas.com.ar\/sitio\/wp-content\/uploads\/2023\/12\/RIVADAVIA-LOGO-NUEVO.jpg 800w, https:\/\/vocesparalelas.com.ar\/sitio\/wp-content\/uploads\/2023\/12\/RIVADAVIA-LOGO-NUEVO-300x200.jpg 300w, https:\/\/vocesparalelas.com.ar\/sitio\/wp-content\/uploads\/2023\/12\/RIVADAVIA-LOGO-NUEVO-768x512.jpg 768w\" sizes=\"auto, (max-width: 800px) 100vw, 800px\" \/><\/p>\n","protected":false},"excerpt":{"rendered":"<p>En un esfuerzo por mejorar la infraestructura y la calidad de vida de los vecinos en los puntos l\u00edmites de<\/p>\n","protected":false},"author":3,"featured_media":69735,"comment_status":"closed","ping_status":"closed","sticky":false,"template":"","format":"standard","meta":{"_acf_changed":false,"_seopress_robots_primary_cat":"none","_seopress_titles_title":"","_seopress_titles_desc":"","_seopress_robots_index":"","colormag_page_container_layout":"default_layout","colormag_page_sidebar_layout":"default_layout","footnotes":""},"categories":[2],"tags":[],"class_list":["post-69728","post","type-post","status-publish","format-standard","has-post-thumbnail","hentry","category-convocatorias"],"acf":[],"_links":{"self":[{"href":"https:\/\/vocesparalelas.com.ar\/sitio\/wp-json\/wp\/v2\/posts\/69728","targetHints":{"allow":["GET"]}}],"collection":[{"href":"https:\/\/vocesparalelas.com.ar\/sitio\/wp-json\/wp\/v2\/posts"}],"about":[{"href":"https:\/\/vocesparalelas.com.ar\/sitio\/wp-json\/wp\/v2\/types\/post"}],"author":[{"embeddable":true,"href":"https:\/\/vocesparalelas.com.ar\/sitio\/wp-json\/wp\/v2\/users\/3"}],"replies":[{"embeddable":true,"href":"https:\/\/vocesparalelas.com.ar\/sitio\/wp-json\/wp\/v2\/comments?post=69728"}],"version-history":[{"count":4,"href":"https:\/\/vocesparalelas.com.ar\/sitio\/wp-json\/wp\/v2\/posts\/69728\/revisions"}],"predecessor-version":[{"id":69750,"href":"https:\/\/vocesparalelas.com.ar\/sitio\/wp-json\/wp\/v2\/posts\/69728\/revisions\/69750"}],"wp:featuredmedia":[{"embeddable":true,"href":"https:\/\/vocesparalelas.com.ar\/sitio\/wp-json\/wp\/v2\/media\/69735"}],"wp:attachment":[{"href":"https:\/\/vocesparalelas.com.ar\/sitio\/wp-json\/wp\/v2\/media?parent=69728"}],"wp:term":[{"taxonomy":"category","embeddable":true,"href":"https:\/\/vocesparalelas.com.ar\/sitio\/wp-json\/wp\/v2\/categories?post=69728"},{"taxonomy":"post_tag","embeddable":true,"href":"https:\/\/vocesparalelas.com.ar\/sitio\/wp-json\/wp\/v2\/tags?post=69728"}],"curies":[{"name":"wp","href":"https:\/\/api.w.org\/{rel}","templated":true}]}}