{"id":69683,"date":"2024-02-25T23:00:08","date_gmt":"2024-02-26T02:00:08","guid":{"rendered":"https:\/\/vocesparalelas.com.ar\/sitio\/?p=69683"},"modified":"2024-02-26T01:03:59","modified_gmt":"2024-02-26T04:03:59","slug":"espectaculo-san-juan-brilla-alto-2024-con-apoyo-a-los-artistas-del-publico","status":"publish","type":"post","link":"https:\/\/vocesparalelas.com.ar\/sitio\/espectaculo-san-juan-brilla-alto-2024-con-apoyo-a-los-artistas-del-publico\/","title":{"rendered":"Espect\u00e1culo \u00abSan Juan brilla alto 2024\u00bb con apoyo a los artistas del p\u00fablico"},"content":{"rendered":"<p>El S\u00e1bado, 24 de Febrero, en el Anfiteatro Buenaventura Luna del Complejo Cultural Auditorio Ing. Juan Victoria distintos artistas presentaron el Espect\u00e1culo \u00abSan Juan brilla alto 2024\u00bb con apoyo incondicional del p\u00fablico.<\/p>\n<p><img loading=\"lazy\" decoding=\"async\" class=\"alignnone size-full wp-image-69687\" src=\"https:\/\/vocesparalelas.com.ar\/sitio\/wp-content\/uploads\/2024\/02\/ORREGO-CULTURAL-01.jpg\" alt=\"\" width=\"800\" height=\"679\" srcset=\"https:\/\/vocesparalelas.com.ar\/sitio\/wp-content\/uploads\/2024\/02\/ORREGO-CULTURAL-01.jpg 800w, https:\/\/vocesparalelas.com.ar\/sitio\/wp-content\/uploads\/2024\/02\/ORREGO-CULTURAL-01-300x255.jpg 300w, https:\/\/vocesparalelas.com.ar\/sitio\/wp-content\/uploads\/2024\/02\/ORREGO-CULTURAL-01-768x652.jpg 768w\" sizes=\"auto, (max-width: 800px) 100vw, 800px\" \/><\/p>\n<p>Por ello, el gobernador Dr. Marcelo Orrego acompa\u00f1\u00f3 a los finalistas de los cert\u00e1menes de Pre Cosqu\u00edn y Pre Laborde, junto a la delegaci\u00f3n de San Juan que fue parte del Festival Nacional de folclore.<\/p>\n<p>Tambi\u00e9n, estuvieron presentes el ministro de Turismo, Cultura y Deporte, Dr. Guido Romero; secretario de Cultura, Eduardo Varela; secretaria de Turismo, Belen Barboza, entre otros funcionarios locales.<\/p>\n<p>En este marco, el mandatario entreg\u00f3 distinciones a los artistas que formaron parte de la presentaci\u00f3n.<\/p>\n<p>Una multitud lleg\u00f3 al predio con reposeras y conservadoras. Hubo stands de degustaci\u00f3n, drugstore y juegos did\u00e1cticos. Todo ambientado para que la noche pueda disfrutarse en familia.<\/p>\n<p>La noche comenz\u00f3 con la destacada Compa\u00f1\u00eda de danza Riveros Luna que fue finalista del pre Cosqu\u00edn en el rubro Conjunto de Baile Folkl\u00f3rico, con la direcci\u00f3n de Javier Riveros y Natalia Luna.<\/p>\n<p><img loading=\"lazy\" decoding=\"async\" class=\"alignnone size-full wp-image-69477\" src=\"https:\/\/vocesparalelas.com.ar\/sitio\/wp-content\/uploads\/2024\/02\/COSQUIN-SAN-JUAN.jpg\" alt=\"\" width=\"800\" height=\"469\" srcset=\"https:\/\/vocesparalelas.com.ar\/sitio\/wp-content\/uploads\/2024\/02\/COSQUIN-SAN-JUAN.jpg 800w, https:\/\/vocesparalelas.com.ar\/sitio\/wp-content\/uploads\/2024\/02\/COSQUIN-SAN-JUAN-300x176.jpg 300w, https:\/\/vocesparalelas.com.ar\/sitio\/wp-content\/uploads\/2024\/02\/COSQUIN-SAN-JUAN-768x450.jpg 768w\" sizes=\"auto, (max-width: 800px) 100vw, 800px\" \/><\/p>\n<p>El segundo cuadro estuvo a cargo de Thiago S\u00e1nchez, Solista de Malambo Juvenil en el Festival de Laborde 2024. Luego subi\u00f3 a escena la agrupaci\u00f3n \u00abCueca en San Juan, hacia 1900\u00bb, dirigida por Pablo Carrizo y Lucas D\u00edaz, que obtuvo una menci\u00f3n especial en el rubro conjunto de danza.<\/p>\n<p>El recitador gauchesco, Juanjo Recabarren, acompa\u00f1\u00f3 con su \u00abRecitado 2 de abril\u00bb del autor Adri\u00e1n Maggi, un homenaje a los ca\u00eddos y veteranos de guerra de Malvinas. Posteriormente subi\u00f3 al escenario El Ramalazo, los ganadores del Pre Cosqu\u00edn en el rubro de Conjunto, con la direcci\u00f3n de Juan Peletier.<\/p>\n<p>Para cerrar la noche, la destacada puesta \u00ab1944, San Juan, provincia de eternidad\u00bb, a cargo de la delegaci\u00f3n oficial del Gobierno de San Juan, que se present\u00f3 en el festival de Cosqu\u00edn en el marco del segmento \u00abPostales de provincia\u00bb bajo la direcci\u00f3n de Alejandro Almarcha, Lucio Flores, Federico Luna y Fernando Mu\u00f1oz.<\/p>\n<p>&nbsp;<\/p>\n<p><img loading=\"lazy\" decoding=\"async\" class=\"alignnone size-full wp-image-69690\" src=\"https:\/\/vocesparalelas.com.ar\/sitio\/wp-content\/uploads\/2024\/02\/ORREGO-CULTURAL-02.jpg\" alt=\"\" width=\"800\" height=\"703\" srcset=\"https:\/\/vocesparalelas.com.ar\/sitio\/wp-content\/uploads\/2024\/02\/ORREGO-CULTURAL-02.jpg 800w, https:\/\/vocesparalelas.com.ar\/sitio\/wp-content\/uploads\/2024\/02\/ORREGO-CULTURAL-02-300x264.jpg 300w, https:\/\/vocesparalelas.com.ar\/sitio\/wp-content\/uploads\/2024\/02\/ORREGO-CULTURAL-02-768x675.jpg 768w\" sizes=\"auto, (max-width: 800px) 100vw, 800px\" \/><\/p>\n<p>&nbsp;<\/p>\n<p>&nbsp;<\/p>\n","protected":false},"excerpt":{"rendered":"<p>El S\u00e1bado, 24 de Febrero, en el Anfiteatro Buenaventura Luna del Complejo Cultural Auditorio Ing. Juan Victoria distintos artistas presentaron<\/p>\n","protected":false},"author":3,"featured_media":69686,"comment_status":"closed","ping_status":"closed","sticky":false,"template":"","format":"standard","meta":{"_acf_changed":false,"_seopress_robots_primary_cat":"none","_seopress_titles_title":"","_seopress_titles_desc":"","_seopress_robots_index":"","colormag_page_container_layout":"default_layout","colormag_page_sidebar_layout":"default_layout","footnotes":""},"categories":[1],"tags":[],"class_list":["post-69683","post","type-post","status-publish","format-standard","has-post-thumbnail","hentry","category-destacadas"],"acf":[],"_links":{"self":[{"href":"https:\/\/vocesparalelas.com.ar\/sitio\/wp-json\/wp\/v2\/posts\/69683","targetHints":{"allow":["GET"]}}],"collection":[{"href":"https:\/\/vocesparalelas.com.ar\/sitio\/wp-json\/wp\/v2\/posts"}],"about":[{"href":"https:\/\/vocesparalelas.com.ar\/sitio\/wp-json\/wp\/v2\/types\/post"}],"author":[{"embeddable":true,"href":"https:\/\/vocesparalelas.com.ar\/sitio\/wp-json\/wp\/v2\/users\/3"}],"replies":[{"embeddable":true,"href":"https:\/\/vocesparalelas.com.ar\/sitio\/wp-json\/wp\/v2\/comments?post=69683"}],"version-history":[{"count":3,"href":"https:\/\/vocesparalelas.com.ar\/sitio\/wp-json\/wp\/v2\/posts\/69683\/revisions"}],"predecessor-version":[{"id":69691,"href":"https:\/\/vocesparalelas.com.ar\/sitio\/wp-json\/wp\/v2\/posts\/69683\/revisions\/69691"}],"wp:featuredmedia":[{"embeddable":true,"href":"https:\/\/vocesparalelas.com.ar\/sitio\/wp-json\/wp\/v2\/media\/69686"}],"wp:attachment":[{"href":"https:\/\/vocesparalelas.com.ar\/sitio\/wp-json\/wp\/v2\/media?parent=69683"}],"wp:term":[{"taxonomy":"category","embeddable":true,"href":"https:\/\/vocesparalelas.com.ar\/sitio\/wp-json\/wp\/v2\/categories?post=69683"},{"taxonomy":"post_tag","embeddable":true,"href":"https:\/\/vocesparalelas.com.ar\/sitio\/wp-json\/wp\/v2\/tags?post=69683"}],"curies":[{"name":"wp","href":"https:\/\/api.w.org\/{rel}","templated":true}]}}