{"id":69654,"date":"2024-02-24T22:14:08","date_gmt":"2024-02-25T01:14:08","guid":{"rendered":"https:\/\/vocesparalelas.com.ar\/sitio\/?p=69654"},"modified":"2024-02-24T22:14:44","modified_gmt":"2024-02-25T01:14:44","slug":"programa-de-mejora-genetica-y-sanidad-reproductiva-de-los-rodeos-bovinos-en-san-juan","status":"publish","type":"post","link":"https:\/\/vocesparalelas.com.ar\/sitio\/programa-de-mejora-genetica-y-sanidad-reproductiva-de-los-rodeos-bovinos-en-san-juan\/","title":{"rendered":"Programa de Mejora Gen\u00e9tica y Sanidad Reproductiva de los Rodeos Bovinos en San Juan"},"content":{"rendered":"<p>El Ministerio de Producci\u00f3n, Trabajo e Innovaci\u00f3n del Gobierno de San Juan entreg\u00f3 18 toros reproductores raza Angus a los Productores Ganaderos de los Departamentos J\u00e1chal, Iglesia y Valle F\u00e9rtil, en la finca \u201cLa Ponderosa Eugenio Flores.<\/p>\n<p><strong><span style=\"color: #339966;\">Beneficiarios<\/span><\/strong><\/p>\n<ul>\n<li>13 Toros a los Productores Ganaderos del Departamento J\u00e1chal<\/li>\n<li>2 Toros a los Productores Ganaderos del Departamento Iglesia<\/li>\n<li>3 Toros a los Productores Ganaderos del Departamento Valle F\u00e9rtil<\/li>\n<\/ul>\n<p><img loading=\"lazy\" decoding=\"async\" class=\"alignnone size-full wp-image-69657\" src=\"https:\/\/vocesparalelas.com.ar\/sitio\/wp-content\/uploads\/2024\/02\/TOROS-GANADERIA-01.jpg\" alt=\"\" width=\"800\" height=\"533\" srcset=\"https:\/\/vocesparalelas.com.ar\/sitio\/wp-content\/uploads\/2024\/02\/TOROS-GANADERIA-01.jpg 800w, https:\/\/vocesparalelas.com.ar\/sitio\/wp-content\/uploads\/2024\/02\/TOROS-GANADERIA-01-300x200.jpg 300w, https:\/\/vocesparalelas.com.ar\/sitio\/wp-content\/uploads\/2024\/02\/TOROS-GANADERIA-01-768x512.jpg 768w\" sizes=\"auto, (max-width: 800px) 100vw, 800px\" \/><\/p>\n<p>La entrega se realiz\u00f3 en el marco del Plan Toro, perteneciente al Programa de Mejora Gen\u00e9tica y Sanidad Reproductiva de los Rodeos Bovinos de la Provincia de San Juan. El objetivo en darle m\u00e1s valor agregado a la cadena ganadera.<\/p>\n<p>Vale destacar que el programa de mejora gen\u00e9tica y sanidad reproductiva de los rodeos pecuarios de la provincia de San Juan est\u00e1 destinado a peque\u00f1os y medianos productores ganaderos que est\u00e1n inscriptos en el Registro \u00danico de Productores Agropecuarios &#8211; RUPA &#8211; y tiene como objetivo la mejora de la raza vacuna de la provincia y lograr mejores animales para la faena.<\/p>\n<p>Por ello, el ministro de Producci\u00f3n, Trabajo e Innovaci\u00f3n del Gobierno de San Juan, CPN Gustavo Fern\u00e1ndez puso en valor que \u00abla entrega de los toros es muy importante porque la ganader\u00eda es una actividad que es fundamental para la provincia de San Juan. Es interesante seguir trabajando juntos para agregar mayor valor a la cadena ganadera. Sabemos que a\u00fan quedan algunos eslabones sueltos como es la faena de media res y la c\u00e1mara frigor\u00edfica, pero con el compromiso de todos vamos a poder lograrlo\u201d.<\/p>\n<p>\u00abRecordemos que se encuentra la actividad minera con la que cuentan con campamentos que son pr\u00e1cticamente ciudades y en el cual necesitan carne; un alimento fundamental en la dieta de todos los argentinos. Tenemos que trabajar para que desde las comunidades sean las proveedoras\u201d.<\/p>\n<p>\u00abLa decisi\u00f3n del gobernador Dr. Marcelo Orrego es destinar a las comunidades norte\u00f1as la utilizaci\u00f3n de los fideicomisos mineros para obras. Luego de una reuni\u00f3n entre las autoridades provinciales y las empresas que aportan a los fideicomisos mineros, desde el Gobierno de San Juan se tom\u00f3 la decisi\u00f3n de concretar la aplicaci\u00f3n de estos fondos para destinarlos prioritariamente a obras que tengan que ver con el cuidado del recurso h\u00eddrico para agua potable y riego\u201d.<\/p>\n<p>\u201cDesde el ministerio de Producci\u00f3n vamos a seguir trabajando junto al municipio de J\u00e1chal, para seguir agregando valor a la cadena ganadera y acompa\u00f1ar al productor en esta actividad esencial para nuestra econom\u00eda\u201d &#8211; detall\u00f3 el Ministro.<\/p>\n<p>Adem\u00e1s, participaron el Intendente de la Municipalidad de J\u00e1chal, Dr. Mat\u00edas Espejo, los secretarios de la cartera productiva Miguel Moreno y Alfredo Aciar . Tambi\u00e9n formaron parte, los Concejales Gema Casas y Felipe Ta\u00f1ez; la encargada del INTA J\u00e1chal Ing. Natalia Coralli, el presidente de la junta de riego de J\u00e1chal, Omar Aciar, la jefa de zona sanitaria II Dra. Ivonne Garc\u00eda y el director del Hospital San Roque, Dr. Carlos P\u00e1ez.<\/p>\n<p><img loading=\"lazy\" decoding=\"async\" class=\"alignnone size-full wp-image-69659\" src=\"https:\/\/vocesparalelas.com.ar\/sitio\/wp-content\/uploads\/2024\/02\/TOROS-GANADERIA-03.jpg\" alt=\"\" width=\"800\" height=\"533\" srcset=\"https:\/\/vocesparalelas.com.ar\/sitio\/wp-content\/uploads\/2024\/02\/TOROS-GANADERIA-03.jpg 800w, https:\/\/vocesparalelas.com.ar\/sitio\/wp-content\/uploads\/2024\/02\/TOROS-GANADERIA-03-300x200.jpg 300w, https:\/\/vocesparalelas.com.ar\/sitio\/wp-content\/uploads\/2024\/02\/TOROS-GANADERIA-03-768x512.jpg 768w\" sizes=\"auto, (max-width: 800px) 100vw, 800px\" \/><\/p>\n<p>&nbsp;<\/p>\n<p>&nbsp;<\/p>\n","protected":false},"excerpt":{"rendered":"<p>El Ministerio de Producci\u00f3n, Trabajo e Innovaci\u00f3n del Gobierno de San Juan entreg\u00f3 18 toros reproductores raza Angus a los<\/p>\n","protected":false},"author":3,"featured_media":69658,"comment_status":"closed","ping_status":"closed","sticky":false,"template":"","format":"standard","meta":{"_acf_changed":false,"_seopress_robots_primary_cat":"none","_seopress_titles_title":"","_seopress_titles_desc":"","_seopress_robots_index":"","colormag_page_container_layout":"default_layout","colormag_page_sidebar_layout":"default_layout","footnotes":""},"categories":[1],"tags":[],"class_list":["post-69654","post","type-post","status-publish","format-standard","has-post-thumbnail","hentry","category-destacadas"],"acf":[],"_links":{"self":[{"href":"https:\/\/vocesparalelas.com.ar\/sitio\/wp-json\/wp\/v2\/posts\/69654","targetHints":{"allow":["GET"]}}],"collection":[{"href":"https:\/\/vocesparalelas.com.ar\/sitio\/wp-json\/wp\/v2\/posts"}],"about":[{"href":"https:\/\/vocesparalelas.com.ar\/sitio\/wp-json\/wp\/v2\/types\/post"}],"author":[{"embeddable":true,"href":"https:\/\/vocesparalelas.com.ar\/sitio\/wp-json\/wp\/v2\/users\/3"}],"replies":[{"embeddable":true,"href":"https:\/\/vocesparalelas.com.ar\/sitio\/wp-json\/wp\/v2\/comments?post=69654"}],"version-history":[{"count":1,"href":"https:\/\/vocesparalelas.com.ar\/sitio\/wp-json\/wp\/v2\/posts\/69654\/revisions"}],"predecessor-version":[{"id":69660,"href":"https:\/\/vocesparalelas.com.ar\/sitio\/wp-json\/wp\/v2\/posts\/69654\/revisions\/69660"}],"wp:featuredmedia":[{"embeddable":true,"href":"https:\/\/vocesparalelas.com.ar\/sitio\/wp-json\/wp\/v2\/media\/69658"}],"wp:attachment":[{"href":"https:\/\/vocesparalelas.com.ar\/sitio\/wp-json\/wp\/v2\/media?parent=69654"}],"wp:term":[{"taxonomy":"category","embeddable":true,"href":"https:\/\/vocesparalelas.com.ar\/sitio\/wp-json\/wp\/v2\/categories?post=69654"},{"taxonomy":"post_tag","embeddable":true,"href":"https:\/\/vocesparalelas.com.ar\/sitio\/wp-json\/wp\/v2\/tags?post=69654"}],"curies":[{"name":"wp","href":"https:\/\/api.w.org\/{rel}","templated":true}]}}