{"id":69618,"date":"2024-02-23T22:26:48","date_gmt":"2024-02-24T01:26:48","guid":{"rendered":"https:\/\/vocesparalelas.com.ar\/sitio\/?p=69618"},"modified":"2024-02-23T22:27:05","modified_gmt":"2024-02-24T01:27:05","slug":"plan-de-accion-2024-2026-en-gestion-de-calidad-del-hospital-dra-julieta-lanteri","status":"publish","type":"post","link":"https:\/\/vocesparalelas.com.ar\/sitio\/plan-de-accion-2024-2026-en-gestion-de-calidad-del-hospital-dra-julieta-lanteri\/","title":{"rendered":"Plan de Acci\u00f3n 2024-2026 en gesti\u00f3n de calidad del Hospital Dra. Julieta Lanteri"},"content":{"rendered":"<div class=\"itemFullText\">\n<p>El director del Hospital Dra. Julieta Lanteri, Dr. Carlos Stoltzing junto a su equipo e integrantes del Comit\u00e9 de Calidad del Hospital, en un trabajo colaborativo con sus referentes de Zona Sanitaria IV, presentaron a las autoridades su Plan de Acci\u00f3n 2024-2026 en relaci\u00f3n al trabajo en gesti\u00f3n de calidad y seguridad sanitaria, Departamento Rivadavia, Provincia de San Juan.<\/p>\n<p>El trabajo incluye la conformaci\u00f3n del Comit\u00e9 Integrado de Gesti\u00f3n de la Calidad y Seguridad Sanitaria del Hospital, un grupo interdisciplinario de car\u00e1cter consultivo y de gesti\u00f3n, cuya misi\u00f3n es abordar e impulsar la mejora de los servicios de salud que se brindan en el establecimiento.<\/p>\n<p>Adem\u00e1s, se present\u00f3 el informe correspondiente al trabajo realizado durante el \u00faltimo periodo en referencia a la \u201cAutoevaluaci\u00f3n de Buenas Pr\u00e1cticas para la mejora de la calidad en los servicios de salud\u201d, como un primer paso para el desarrollo de oportunidades de mejora, en consonancia con las l\u00edneas estrat\u00e9gicas propuestas en el plan nacional de calidad.<\/p>\n<p>Estuvieron presentes en la ocasi\u00f3n, el secretario de Planeamiento y Control de Gesti\u00f3n, Gast\u00f3n Jofr\u00e9; la directora de Informaci\u00f3n para la Gesti\u00f3n sanitaria, Dra. Marcela Rodr\u00edguez; la referente de calidad del Ministerio de Salud, Dra. Mar\u00eda del Valle Ag\u00fcero; el jefe de Zona Sanitaria IV, Dr. Daniel Gualpa; el director del Hospital Dra. Julieta Lanteri, Dr. Carlos Stoltzing y la jefa de Enfermer\u00eda de Zona Sanitaria IV, Lic. Mariela Arostica.<\/p>\n<\/div>\n<div class=\"clr\"><img loading=\"lazy\" decoding=\"async\" class=\"alignnone size-full wp-image-47667\" src=\"https:\/\/vocesparalelas.com.ar\/sitio\/wp-content\/uploads\/2022\/04\/HOSPITAL-JULIETA-LANTERI02.jpg\" alt=\"\" width=\"800\" height=\"534\" srcset=\"https:\/\/vocesparalelas.com.ar\/sitio\/wp-content\/uploads\/2022\/04\/HOSPITAL-JULIETA-LANTERI02.jpg 800w, https:\/\/vocesparalelas.com.ar\/sitio\/wp-content\/uploads\/2022\/04\/HOSPITAL-JULIETA-LANTERI02-300x200.jpg 300w, https:\/\/vocesparalelas.com.ar\/sitio\/wp-content\/uploads\/2022\/04\/HOSPITAL-JULIETA-LANTERI02-768x513.jpg 768w\" sizes=\"auto, (max-width: 800px) 100vw, 800px\" \/><\/div>\n","protected":false},"excerpt":{"rendered":"<p>El director del Hospital Dra. Julieta Lanteri, Dr. Carlos Stoltzing junto a su equipo e integrantes del Comit\u00e9 de Calidad<\/p>\n","protected":false},"author":3,"featured_media":69621,"comment_status":"closed","ping_status":"closed","sticky":false,"template":"","format":"standard","meta":{"_acf_changed":false,"_seopress_robots_primary_cat":"none","_seopress_titles_title":"","_seopress_titles_desc":"","_seopress_robots_index":"","colormag_page_container_layout":"default_layout","colormag_page_sidebar_layout":"default_layout","footnotes":""},"categories":[1],"tags":[],"class_list":["post-69618","post","type-post","status-publish","format-standard","has-post-thumbnail","hentry","category-destacadas"],"acf":[],"_links":{"self":[{"href":"https:\/\/vocesparalelas.com.ar\/sitio\/wp-json\/wp\/v2\/posts\/69618","targetHints":{"allow":["GET"]}}],"collection":[{"href":"https:\/\/vocesparalelas.com.ar\/sitio\/wp-json\/wp\/v2\/posts"}],"about":[{"href":"https:\/\/vocesparalelas.com.ar\/sitio\/wp-json\/wp\/v2\/types\/post"}],"author":[{"embeddable":true,"href":"https:\/\/vocesparalelas.com.ar\/sitio\/wp-json\/wp\/v2\/users\/3"}],"replies":[{"embeddable":true,"href":"https:\/\/vocesparalelas.com.ar\/sitio\/wp-json\/wp\/v2\/comments?post=69618"}],"version-history":[{"count":1,"href":"https:\/\/vocesparalelas.com.ar\/sitio\/wp-json\/wp\/v2\/posts\/69618\/revisions"}],"predecessor-version":[{"id":69622,"href":"https:\/\/vocesparalelas.com.ar\/sitio\/wp-json\/wp\/v2\/posts\/69618\/revisions\/69622"}],"wp:featuredmedia":[{"embeddable":true,"href":"https:\/\/vocesparalelas.com.ar\/sitio\/wp-json\/wp\/v2\/media\/69621"}],"wp:attachment":[{"href":"https:\/\/vocesparalelas.com.ar\/sitio\/wp-json\/wp\/v2\/media?parent=69618"}],"wp:term":[{"taxonomy":"category","embeddable":true,"href":"https:\/\/vocesparalelas.com.ar\/sitio\/wp-json\/wp\/v2\/categories?post=69618"},{"taxonomy":"post_tag","embeddable":true,"href":"https:\/\/vocesparalelas.com.ar\/sitio\/wp-json\/wp\/v2\/tags?post=69618"}],"curies":[{"name":"wp","href":"https:\/\/api.w.org\/{rel}","templated":true}]}}