{"id":69521,"date":"2024-02-21T21:33:33","date_gmt":"2024-02-22T00:33:33","guid":{"rendered":"https:\/\/vocesparalelas.com.ar\/sitio\/?p=69521"},"modified":"2024-02-23T01:08:00","modified_gmt":"2024-02-23T04:08:00","slug":"acordaron-la-presencia-de-monitores-urbanos-en-las-escuelas-de-la-ciudad-capital-de-san-juan","status":"publish","type":"post","link":"https:\/\/vocesparalelas.com.ar\/sitio\/acordaron-la-presencia-de-monitores-urbanos-en-las-escuelas-de-la-ciudad-capital-de-san-juan\/","title":{"rendered":"Acordaron la presencia de Monitores Urbanos en las Escuelas de la Ciudad Capital de San Juan"},"content":{"rendered":"<p>La intendente de la Municipalidad de la Ciudad de San Juan, Dra. Susana Laciar recibi\u00f3 en su despacho a la ministra de Educaci\u00f3n, Lic. Silvia Fuentes, donde firmaron un acta complementaria a un convenio marco de asistencia y cooperaci\u00f3n entre ambas partes para que las Escuelas de Capital tengan la presencia de Monitores Urbanos.<\/p>\n<p>El objeto del acta es establecer las pautas y condiciones para concretar la implementaci\u00f3n del servicio de Monitores Urbanos en establecimientos educativos pertenecientes al Ministerio de Educaci\u00f3n del Gobierno de San Juan de la Ciudad de San Juan, a los fines de prevenir y ordenar el tr\u00e1nsito vial en el ingreso y egreso de los estudiantes a los mismos.<\/p>\n<p>Este acuerdo pone de manifiesto la intenci\u00f3n de la gesti\u00f3n de la Dra. Susana Laciar de promover y gestionar entornos escolares seguros y din\u00e1micos.<\/p>\n<p>Los Monitores Urbanos, figuras claves en la interacci\u00f3n comunitaria, desempe\u00f1an un papel fundamental en la prevenci\u00f3n, el ordenamiento, control, seguridad y fluidez del tr\u00e1nsito, as\u00ed como tambi\u00e9n la asistencia ciudadana en las inmediaciones de las escuelas.<\/p>\n<p>La firma de esta acta complementaria representa un compromiso conjunto para abordar las necesidades integrales de las instituciones educativas, reconociendo que la seguridad y el bienestar son pilares fundamentales para el desarrollo acad\u00e9mico y personal de los estudiantes.<\/p>\n<p><strong><span style=\"color: #ff6600;\">Aclaraci\u00f3n<\/span><\/strong><\/p>\n<p>El ministerio de Educaci\u00f3n del Gobierno de San Juan pasa la lista de Escuelas de Capital y la Municipalidad de la Ciudad Capital asigna los monitores urbanos para que est\u00e9n en la entrada y salida de la comunidad educativa del establecimiento para organizar el tr\u00e1nsito. De esta manera se logra la seguridad de los que transitan.<\/p>\n<p>&nbsp;<\/p>\n<p><img loading=\"lazy\" decoding=\"async\" class=\"alignnone size-large wp-image-1815\" src=\"https:\/\/vocesparalelas.com.ar\/sitio\/wp-content\/uploads\/2017\/06\/SAN-JUAN-CIUDAD-01-7-800x531.jpg\" alt=\"\" width=\"800\" height=\"531\" srcset=\"https:\/\/vocesparalelas.com.ar\/sitio\/wp-content\/uploads\/2017\/06\/SAN-JUAN-CIUDAD-01-7.jpg 800w, https:\/\/vocesparalelas.com.ar\/sitio\/wp-content\/uploads\/2017\/06\/SAN-JUAN-CIUDAD-01-7-300x199.jpg 300w, https:\/\/vocesparalelas.com.ar\/sitio\/wp-content\/uploads\/2017\/06\/SAN-JUAN-CIUDAD-01-7-768x510.jpg 768w\" sizes=\"auto, (max-width: 800px) 100vw, 800px\" \/><\/p>\n<p>&nbsp;<\/p>\n<p><img loading=\"lazy\" decoding=\"async\" class=\"alignnone size-full wp-image-67559\" src=\"https:\/\/vocesparalelas.com.ar\/sitio\/wp-content\/uploads\/2023\/12\/CAPITAL-SAN-JUAN-LOGO.png\" alt=\"\" width=\"800\" height=\"304\" srcset=\"https:\/\/vocesparalelas.com.ar\/sitio\/wp-content\/uploads\/2023\/12\/CAPITAL-SAN-JUAN-LOGO.png 800w, https:\/\/vocesparalelas.com.ar\/sitio\/wp-content\/uploads\/2023\/12\/CAPITAL-SAN-JUAN-LOGO-300x114.png 300w, https:\/\/vocesparalelas.com.ar\/sitio\/wp-content\/uploads\/2023\/12\/CAPITAL-SAN-JUAN-LOGO-768x292.png 768w\" sizes=\"auto, (max-width: 800px) 100vw, 800px\" \/><\/p>\n","protected":false},"excerpt":{"rendered":"<p>La intendente de la Municipalidad de la Ciudad de San Juan, Dra. Susana Laciar recibi\u00f3 en su despacho a la<\/p>\n","protected":false},"author":3,"featured_media":69524,"comment_status":"closed","ping_status":"closed","sticky":false,"template":"","format":"standard","meta":{"_acf_changed":false,"_seopress_robots_primary_cat":"none","_seopress_titles_title":"","_seopress_titles_desc":"","_seopress_robots_index":"","colormag_page_container_layout":"default_layout","colormag_page_sidebar_layout":"default_layout","footnotes":""},"categories":[5],"tags":[],"class_list":["post-69521","post","type-post","status-publish","format-standard","has-post-thumbnail","hentry","category-ofrecimientos"],"acf":[],"_links":{"self":[{"href":"https:\/\/vocesparalelas.com.ar\/sitio\/wp-json\/wp\/v2\/posts\/69521","targetHints":{"allow":["GET"]}}],"collection":[{"href":"https:\/\/vocesparalelas.com.ar\/sitio\/wp-json\/wp\/v2\/posts"}],"about":[{"href":"https:\/\/vocesparalelas.com.ar\/sitio\/wp-json\/wp\/v2\/types\/post"}],"author":[{"embeddable":true,"href":"https:\/\/vocesparalelas.com.ar\/sitio\/wp-json\/wp\/v2\/users\/3"}],"replies":[{"embeddable":true,"href":"https:\/\/vocesparalelas.com.ar\/sitio\/wp-json\/wp\/v2\/comments?post=69521"}],"version-history":[{"count":4,"href":"https:\/\/vocesparalelas.com.ar\/sitio\/wp-json\/wp\/v2\/posts\/69521\/revisions"}],"predecessor-version":[{"id":69536,"href":"https:\/\/vocesparalelas.com.ar\/sitio\/wp-json\/wp\/v2\/posts\/69521\/revisions\/69536"}],"wp:featuredmedia":[{"embeddable":true,"href":"https:\/\/vocesparalelas.com.ar\/sitio\/wp-json\/wp\/v2\/media\/69524"}],"wp:attachment":[{"href":"https:\/\/vocesparalelas.com.ar\/sitio\/wp-json\/wp\/v2\/media?parent=69521"}],"wp:term":[{"taxonomy":"category","embeddable":true,"href":"https:\/\/vocesparalelas.com.ar\/sitio\/wp-json\/wp\/v2\/categories?post=69521"},{"taxonomy":"post_tag","embeddable":true,"href":"https:\/\/vocesparalelas.com.ar\/sitio\/wp-json\/wp\/v2\/tags?post=69521"}],"curies":[{"name":"wp","href":"https:\/\/api.w.org\/{rel}","templated":true}]}}