{"id":69445,"date":"2024-02-20T11:33:44","date_gmt":"2024-02-20T14:33:44","guid":{"rendered":"https:\/\/vocesparalelas.com.ar\/sitio\/?p=69445"},"modified":"2024-02-21T21:51:00","modified_gmt":"2024-02-22T00:51:00","slug":"personal-contratado-de-educacion-de-san-juan-debe-presentar-factura-febrero-2024","status":"publish","type":"post","link":"https:\/\/vocesparalelas.com.ar\/sitio\/personal-contratado-de-educacion-de-san-juan-debe-presentar-factura-febrero-2024\/","title":{"rendered":"Personal contratado de Educaci\u00f3n de San Juan debe presentar factura \u00abFebrero 2024\u00bb"},"content":{"rendered":"<p>El Ministerio de Educaci\u00f3n del Gobierno de San Juan informa que las personas que poseen Contratos Administrativos de Servicios de Colaboraci\u00f3n deben presentar la factura electr\u00f3nica correspondiente a \u00abFebrero 2024\u00bb a su directivo para que la misma sea firmada y sellada en el dorso.<\/p>\n<p>La factura puede confeccionarse a partir del Martes, 20 de Febrero para ser presentada en la Isla del Ministerio de Educaci\u00f3n, del Centro C\u00edvico.<\/p>\n<p><span style=\"color: #ff6600;\"><strong>Cronograma<\/strong><\/span><\/p>\n<p>Servicios Generales (Porteros)<\/p>\n<p><img loading=\"lazy\" decoding=\"async\" class=\"alignnone size-full wp-image-69448\" src=\"https:\/\/vocesparalelas.com.ar\/sitio\/wp-content\/uploads\/2024\/02\/PORTEROS-EDUCACION-FEBRERO-2024.jpg\" alt=\"\" width=\"800\" height=\"250\" srcset=\"https:\/\/vocesparalelas.com.ar\/sitio\/wp-content\/uploads\/2024\/02\/PORTEROS-EDUCACION-FEBRERO-2024.jpg 800w, https:\/\/vocesparalelas.com.ar\/sitio\/wp-content\/uploads\/2024\/02\/PORTEROS-EDUCACION-FEBRERO-2024-300x94.jpg 300w, https:\/\/vocesparalelas.com.ar\/sitio\/wp-content\/uploads\/2024\/02\/PORTEROS-EDUCACION-FEBRERO-2024-768x240.jpg 768w\" sizes=\"auto, (max-width: 800px) 100vw, 800px\" \/><\/p>\n<p><span style=\"color: #ff6600;\"><strong>Zonas Alejadas<\/strong><\/span><\/p>\n<p>Las personas contratadas que viven en los departamentos: Calingasta, Iglesia, J\u00e1chal y Valle F\u00e9rtil, deben entregar la factura electr\u00f3nica impresa a su director. El director debe presentarlas en un sobre en su Unidad de Gesti\u00f3n<\/p>\n<p><strong><span style=\"color: #ff6600;\">Las facturas deben ser electr\u00f3nicas y confeccionadas\u00a0<\/span><\/strong><\/p>\n<p><span style=\"color: #ff6600;\"><strong>FACTURA MES DE FEBRERO 2024<\/strong><\/span><\/p>\n<p>FECHA DE EMISI\u00d3N:\u00a029\/02\/2024<\/p>\n<p>PERIODO FACTURADO: DESDE EL\u00a001\/02\/2024\u00a0Hasta\u00a029\/02\/2024<\/p>\n<p>VENCIMIENTO:\u00a029\/03\/2024<\/p>\n<p>CUIT GOBIERNO DE LA PROVINCIA: 30-99901516-2 CONDICI\u00d3N FRENTE AL IVA: IVA SUJETO EXENTO<\/p>\n<p>CONDICI\u00d3N DE VENTA: OTRA<\/p>\n<p>DETALLE: Pago de honorarios por Contrato Administrativo de Servicios de Colaboraci\u00f3n correspondiente al mes de FEBRERO de 2024.-<\/p>\n<p>MONTO A FACTURAR: (PARA PORTEROS):\u00a0$150.000,00<\/p>\n<p>CONFORMACI\u00d3N DE FACTURA: Al dorso de la factura (en la parte de atr\u00e1s) deber\u00e1 colocar lo siguiente:<\/p>\n<p>\u201cART\u00cdCULOS 6\u00b0 Y 11\u00ba LEY N\u00ba 793-A. CL\u00c1USULA CUARTA DEL CONTRATO ADMINISTRATIVO DE SERVICIOS DE COLABORACI\u00d3N\u201d.<\/p>\n<p>San Juan, 29 de febrero de 2024.<\/p>\n<p><span style=\"color: #ff6600;\"><strong>Presentaci\u00f3n de Seguro<\/strong><\/span><\/p>\n<p>Constancia de pago del febrero 2024. Fotocopia legible con datos del asegurado (nombre y apellido), legalizada en el frente por el directivo. En caso de presentar el comprobante de pago emitido por el seguro, el mismo debe tener fecha de febrero 2024. Sin excepci\u00f3n.<\/p>\n<p><span style=\"color: #ff6600;\"><strong>Contratados con funciones administrativas<\/strong><\/span><\/p>\n<p>Tienen que presentar\u00e1n la factura en la Oficina de Personal Administrativo con el monto correspondiente a cada contrato, los d\u00edas 22 , 23 , 26 de febrero de 2024, de 7:30 a 12:30 hs.<\/p>\n<p><img loading=\"lazy\" decoding=\"async\" class=\"alignnone size-full wp-image-28629\" src=\"https:\/\/vocesparalelas.com.ar\/sitio\/wp-content\/uploads\/2020\/05\/MINISTERIO-EDUCACION-SJ.jpg\" alt=\"\" width=\"800\" height=\"533\" srcset=\"https:\/\/vocesparalelas.com.ar\/sitio\/wp-content\/uploads\/2020\/05\/MINISTERIO-EDUCACION-SJ.jpg 800w, https:\/\/vocesparalelas.com.ar\/sitio\/wp-content\/uploads\/2020\/05\/MINISTERIO-EDUCACION-SJ-300x200.jpg 300w, https:\/\/vocesparalelas.com.ar\/sitio\/wp-content\/uploads\/2020\/05\/MINISTERIO-EDUCACION-SJ-768x512.jpg 768w\" sizes=\"auto, (max-width: 800px) 100vw, 800px\" \/><\/p>\n","protected":false},"excerpt":{"rendered":"<p>El Ministerio de Educaci\u00f3n del Gobierno de San Juan informa que las personas que poseen Contratos Administrativos de Servicios de<\/p>\n","protected":false},"author":3,"featured_media":37035,"comment_status":"closed","ping_status":"closed","sticky":false,"template":"","format":"standard","meta":{"_acf_changed":false,"_seopress_robots_primary_cat":"none","_seopress_titles_title":"","_seopress_titles_desc":"","_seopress_robots_index":"","colormag_page_container_layout":"default_layout","colormag_page_sidebar_layout":"default_layout","footnotes":""},"categories":[2],"tags":[],"class_list":["post-69445","post","type-post","status-publish","format-standard","has-post-thumbnail","hentry","category-convocatorias"],"acf":[],"_links":{"self":[{"href":"https:\/\/vocesparalelas.com.ar\/sitio\/wp-json\/wp\/v2\/posts\/69445","targetHints":{"allow":["GET"]}}],"collection":[{"href":"https:\/\/vocesparalelas.com.ar\/sitio\/wp-json\/wp\/v2\/posts"}],"about":[{"href":"https:\/\/vocesparalelas.com.ar\/sitio\/wp-json\/wp\/v2\/types\/post"}],"author":[{"embeddable":true,"href":"https:\/\/vocesparalelas.com.ar\/sitio\/wp-json\/wp\/v2\/users\/3"}],"replies":[{"embeddable":true,"href":"https:\/\/vocesparalelas.com.ar\/sitio\/wp-json\/wp\/v2\/comments?post=69445"}],"version-history":[{"count":1,"href":"https:\/\/vocesparalelas.com.ar\/sitio\/wp-json\/wp\/v2\/posts\/69445\/revisions"}],"predecessor-version":[{"id":69449,"href":"https:\/\/vocesparalelas.com.ar\/sitio\/wp-json\/wp\/v2\/posts\/69445\/revisions\/69449"}],"wp:featuredmedia":[{"embeddable":true,"href":"https:\/\/vocesparalelas.com.ar\/sitio\/wp-json\/wp\/v2\/media\/37035"}],"wp:attachment":[{"href":"https:\/\/vocesparalelas.com.ar\/sitio\/wp-json\/wp\/v2\/media?parent=69445"}],"wp:term":[{"taxonomy":"category","embeddable":true,"href":"https:\/\/vocesparalelas.com.ar\/sitio\/wp-json\/wp\/v2\/categories?post=69445"},{"taxonomy":"post_tag","embeddable":true,"href":"https:\/\/vocesparalelas.com.ar\/sitio\/wp-json\/wp\/v2\/tags?post=69445"}],"curies":[{"name":"wp","href":"https:\/\/api.w.org\/{rel}","templated":true}]}}