{"id":69406,"date":"2024-02-19T21:25:30","date_gmt":"2024-02-20T00:25:30","guid":{"rendered":"https:\/\/vocesparalelas.com.ar\/sitio\/?p=69406"},"modified":"2024-02-20T15:30:49","modified_gmt":"2024-02-20T18:30:49","slug":"continuamos-apoyando-a-la-industria-cultural-y-sus-artistas-con-un-nuevo-paradigma-que-asoma-ante-la-situacion-economica-y-financiera-que-nos-afecta","status":"publish","type":"post","link":"https:\/\/vocesparalelas.com.ar\/sitio\/continuamos-apoyando-a-la-industria-cultural-y-sus-artistas-con-un-nuevo-paradigma-que-asoma-ante-la-situacion-economica-y-financiera-que-nos-afecta\/","title":{"rendered":"\u00abContinuamos apoyando a la industria cultural y sus artistas con un nuevo paradigma que asoma ante la situaci\u00f3n econ\u00f3mica y financiera que nos afecta\u00bb"},"content":{"rendered":"<p>En Conferencia de prensa el Intendente de la Municipalidad de la Ciudad de Rivadavia, Sergio Miodowsky anunci\u00f3 que \u201ccontinuamos apoyando a la industria cultural y sus artistas con un nuevo paradigma que asoma ante la situaci\u00f3n econ\u00f3mica y financiera que nos afecta\u201d.<\/p>\n<p>\u201cA solicitud de los vecinos del departamento de Rivadavia se ha decidido fortalecer las obras y los servicios municipales, pero sin desatender un aspecto fundamental del desarrollo social como es la recreaci\u00f3n desde la expresi\u00f3n art\u00edstica\u201d.<\/p>\n<p>\u201cPor ello, teniendo en cuenta que los grandes eventos como Rivadavia en Colores y las Tardecitas de Verano, no se ajustan a la actual situaci\u00f3n que atraviesa el pa\u00eds, se decidi\u00f3 suspender su realizaci\u00f3n y en su reemplazo, propender a eventos y actividades de menor envergadura y con mayor colaboraci\u00f3n p\u00fablico-privado\u201d<\/p>\n<p><iframe loading=\"lazy\" title=\"RIVADAVIA INTENDENTE SERGIO MIODOWSKY\" width=\"800\" height=\"450\" src=\"https:\/\/www.youtube.com\/embed\/XMlRytNRdao?feature=oembed\" frameborder=\"0\" allow=\"accelerometer; autoplay; clipboard-write; encrypted-media; gyroscope; picture-in-picture; web-share\" allowfullscreen><\/iframe><\/p>\n<p>Luego, el Intendente de la Municipalidad de la Ciudad de Rivadavia, Sergio Miodowsky respondi\u00f3 distintas preguntas realizadas por los Periodistas San Juan.<\/p>\n<p>&nbsp;<\/p>\n<p><iframe loading=\"lazy\" title=\"RIVADAVIA INTENDENTE SERGIO MIODOWSKY\" width=\"800\" height=\"450\" src=\"https:\/\/www.youtube.com\/embed\/bishawJ-K_Y?feature=oembed\" frameborder=\"0\" allow=\"accelerometer; autoplay; clipboard-write; encrypted-media; gyroscope; picture-in-picture; web-share\" allowfullscreen><\/iframe><\/p>\n<p>&nbsp;<\/p>\n<p>Desde la Municipalidad comprende la industria cultural como un factor de desarrollo social y econ\u00f3mico y es por esa raz\u00f3n que con menores erogaciones y con recursos, ya adquiridos, se brinda el marco funcional para que el sector cultural de Rivadavia, contin\u00fae trabajando y los vecinos, sigan disfrutando de sus artistas.<\/p>\n<p><img loading=\"lazy\" decoding=\"async\" class=\"alignnone size-full wp-image-66896\" src=\"https:\/\/vocesparalelas.com.ar\/sitio\/wp-content\/uploads\/2023\/12\/RIVADAVIA-LOGO-NUEVO.jpg\" alt=\"\" width=\"800\" height=\"533\" srcset=\"https:\/\/vocesparalelas.com.ar\/sitio\/wp-content\/uploads\/2023\/12\/RIVADAVIA-LOGO-NUEVO.jpg 800w, https:\/\/vocesparalelas.com.ar\/sitio\/wp-content\/uploads\/2023\/12\/RIVADAVIA-LOGO-NUEVO-300x200.jpg 300w, https:\/\/vocesparalelas.com.ar\/sitio\/wp-content\/uploads\/2023\/12\/RIVADAVIA-LOGO-NUEVO-768x512.jpg 768w\" sizes=\"auto, (max-width: 800px) 100vw, 800px\" \/><\/p>\n<p>&nbsp;<\/p>\n","protected":false},"excerpt":{"rendered":"<p>En Conferencia de prensa el Intendente de la Municipalidad de la Ciudad de Rivadavia, Sergio Miodowsky anunci\u00f3 que \u201ccontinuamos apoyando<\/p>\n","protected":false},"author":3,"featured_media":69409,"comment_status":"closed","ping_status":"closed","sticky":false,"template":"","format":"standard","meta":{"_acf_changed":false,"_seopress_robots_primary_cat":"none","_seopress_titles_title":"","_seopress_titles_desc":"","_seopress_robots_index":"","colormag_page_container_layout":"default_layout","colormag_page_sidebar_layout":"default_layout","footnotes":""},"categories":[6,7],"tags":[],"class_list":["post-69406","post","type-post","status-publish","format-standard","has-post-thumbnail","hentry","category-eventos","category-videos"],"acf":[],"_links":{"self":[{"href":"https:\/\/vocesparalelas.com.ar\/sitio\/wp-json\/wp\/v2\/posts\/69406","targetHints":{"allow":["GET"]}}],"collection":[{"href":"https:\/\/vocesparalelas.com.ar\/sitio\/wp-json\/wp\/v2\/posts"}],"about":[{"href":"https:\/\/vocesparalelas.com.ar\/sitio\/wp-json\/wp\/v2\/types\/post"}],"author":[{"embeddable":true,"href":"https:\/\/vocesparalelas.com.ar\/sitio\/wp-json\/wp\/v2\/users\/3"}],"replies":[{"embeddable":true,"href":"https:\/\/vocesparalelas.com.ar\/sitio\/wp-json\/wp\/v2\/comments?post=69406"}],"version-history":[{"count":1,"href":"https:\/\/vocesparalelas.com.ar\/sitio\/wp-json\/wp\/v2\/posts\/69406\/revisions"}],"predecessor-version":[{"id":69413,"href":"https:\/\/vocesparalelas.com.ar\/sitio\/wp-json\/wp\/v2\/posts\/69406\/revisions\/69413"}],"wp:featuredmedia":[{"embeddable":true,"href":"https:\/\/vocesparalelas.com.ar\/sitio\/wp-json\/wp\/v2\/media\/69409"}],"wp:attachment":[{"href":"https:\/\/vocesparalelas.com.ar\/sitio\/wp-json\/wp\/v2\/media?parent=69406"}],"wp:term":[{"taxonomy":"category","embeddable":true,"href":"https:\/\/vocesparalelas.com.ar\/sitio\/wp-json\/wp\/v2\/categories?post=69406"},{"taxonomy":"post_tag","embeddable":true,"href":"https:\/\/vocesparalelas.com.ar\/sitio\/wp-json\/wp\/v2\/tags?post=69406"}],"curies":[{"name":"wp","href":"https:\/\/api.w.org\/{rel}","templated":true}]}}