{"id":69353,"date":"2024-02-17T23:21:36","date_gmt":"2024-02-18T02:21:36","guid":{"rendered":"https:\/\/vocesparalelas.com.ar\/sitio\/?p=69353"},"modified":"2024-02-19T00:20:58","modified_gmt":"2024-02-19T03:20:58","slug":"la-vuelta-al-cole-2024-para-los-hijos-de-los-afiliados-de-uta-san-juan","status":"publish","type":"post","link":"https:\/\/vocesparalelas.com.ar\/sitio\/la-vuelta-al-cole-2024-para-los-hijos-de-los-afiliados-de-uta-san-juan\/","title":{"rendered":"\u00abLa vuelta al Cole 2024\u00bb para los hijos de los afiliados de UTA San Juan"},"content":{"rendered":"<p>Hoy m\u00e1s que nunca, en este dif\u00edcil situaci\u00f3n Econ\u00f3mica UTA Seccional San Juan acompa\u00f1a a sus afiliados en \u00abLa vuelta al Cole 2024\u00bb.<\/p>\n<ul>\n<li>A partir del Martes, 20 de Febrero, de 9 horas a 15 horas, en la Sede Sindical, Sarmiento 272 &#8211; N &#8211; Capital, se entrega el \u00abKit Escolar\u00bb para los hijos de los afiliados que cursan el Nivel Primario y Nivel Inicial de 4 y 5 a\u00f1os.<\/li>\n<li>Y los d\u00edas 28 y 29 de Febrero se entregan los pases libre para viajar en todas las Empresas y l\u00edneas de la Provincia de San Juan, destinado a los hijo de los afiliados que cursan el Nivel Secundario.<\/li>\n<\/ul>\n<p style=\"text-align: center;\">Unidos y Organizados saldremos adelante.<\/p>\n<p>&nbsp;<\/p>\n<p style=\"text-align: right;\">Secretar\u00eda de Acci\u00f3n Social y Secretar\u00eda de la Mujer<\/p>\n<p style=\"text-align: right;\">Junta Ejecutiva y Cuerpos de Delegados<\/p>\n<p style=\"text-align: right;\">UTA seccional San Juan<\/p>\n<p style=\"text-align: right;\">Marcelo Maldonado<\/p>\n<p style=\"text-align: right;\">Secretario General<\/p>\n","protected":false},"excerpt":{"rendered":"<p>Hoy m\u00e1s que nunca, en este dif\u00edcil situaci\u00f3n Econ\u00f3mica UTA Seccional San Juan acompa\u00f1a a sus afiliados en \u00abLa vuelta<\/p>\n","protected":false},"author":3,"featured_media":69356,"comment_status":"closed","ping_status":"closed","sticky":false,"template":"","format":"standard","meta":{"_acf_changed":false,"_seopress_robots_primary_cat":"none","_seopress_titles_title":"","_seopress_titles_desc":"","_seopress_robots_index":"","colormag_page_container_layout":"default_layout","colormag_page_sidebar_layout":"default_layout","footnotes":""},"categories":[2],"tags":[],"class_list":["post-69353","post","type-post","status-publish","format-standard","has-post-thumbnail","hentry","category-convocatorias"],"acf":[],"_links":{"self":[{"href":"https:\/\/vocesparalelas.com.ar\/sitio\/wp-json\/wp\/v2\/posts\/69353","targetHints":{"allow":["GET"]}}],"collection":[{"href":"https:\/\/vocesparalelas.com.ar\/sitio\/wp-json\/wp\/v2\/posts"}],"about":[{"href":"https:\/\/vocesparalelas.com.ar\/sitio\/wp-json\/wp\/v2\/types\/post"}],"author":[{"embeddable":true,"href":"https:\/\/vocesparalelas.com.ar\/sitio\/wp-json\/wp\/v2\/users\/3"}],"replies":[{"embeddable":true,"href":"https:\/\/vocesparalelas.com.ar\/sitio\/wp-json\/wp\/v2\/comments?post=69353"}],"version-history":[{"count":1,"href":"https:\/\/vocesparalelas.com.ar\/sitio\/wp-json\/wp\/v2\/posts\/69353\/revisions"}],"predecessor-version":[{"id":69357,"href":"https:\/\/vocesparalelas.com.ar\/sitio\/wp-json\/wp\/v2\/posts\/69353\/revisions\/69357"}],"wp:featuredmedia":[{"embeddable":true,"href":"https:\/\/vocesparalelas.com.ar\/sitio\/wp-json\/wp\/v2\/media\/69356"}],"wp:attachment":[{"href":"https:\/\/vocesparalelas.com.ar\/sitio\/wp-json\/wp\/v2\/media?parent=69353"}],"wp:term":[{"taxonomy":"category","embeddable":true,"href":"https:\/\/vocesparalelas.com.ar\/sitio\/wp-json\/wp\/v2\/categories?post=69353"},{"taxonomy":"post_tag","embeddable":true,"href":"https:\/\/vocesparalelas.com.ar\/sitio\/wp-json\/wp\/v2\/tags?post=69353"}],"curies":[{"name":"wp","href":"https:\/\/api.w.org\/{rel}","templated":true}]}}