{"id":69344,"date":"2024-02-17T22:01:56","date_gmt":"2024-02-18T01:01:56","guid":{"rendered":"https:\/\/vocesparalelas.com.ar\/sitio\/?p=69344"},"modified":"2024-02-18T21:59:55","modified_gmt":"2024-02-19T00:59:55","slug":"se-desarrollo-la-jornada-de-comunicacion-de-la-ciencia-construyendo-vocaciones-en-la-fi-de-la-unsj","status":"publish","type":"post","link":"https:\/\/vocesparalelas.com.ar\/sitio\/se-desarrollo-la-jornada-de-comunicacion-de-la-ciencia-construyendo-vocaciones-en-la-fi-de-la-unsj\/","title":{"rendered":"Se desarroll\u00f3 la Jornada de Comunicaci\u00f3n de la Ciencia \u00abConstruyendo vocaciones\u00bb en la FI de la UNSJ"},"content":{"rendered":"<p>La Facultad de Ingenier\u00eda de la Universidad Nacional de San Juan desarroll\u00f3 en el Patio Central la Jornada de Comunicaci\u00f3n de la Ciencia \u00abConstruyendo vocaciones\u00bb.<\/p>\n<p>La convocatoria fue muy interesante porque compartieron sus experiencias<\/p>\n<p>Compartir\u00e1n sus experiencias y recorridos tres mujeres en diferentes \u00e1reas cient\u00edficas:<\/p>\n<ul>\n<li>Mar\u00eda Valentina Soria: Lic. En Geograf\u00eda, especialista en Sistemas de Informaci\u00f3n Geogr\u00e1fica y doctora en Ordenamiento Territorial y Desarrollo Sostenible. Desarrolla actividades de docencia e investigaci\u00f3n en el Nucleamiento de Ingenier\u00eda de Minas, abordando sobre todo temas relacionados a la planificaci\u00f3n de recursos naturales.<\/li>\n<li>Evelyn Caballero: Ingeniera Agr\u00f3noma de la UNSJ. Docente auxiliar de Gesti\u00f3n ambiental y de Introducci\u00f3n a la Ingenier\u00eda Civil. Est\u00e1 llevando a cabo una beca de Extensi\u00f3n de INTA en el \u00e1rea de agroecolog\u00eda.<\/li>\n<li>Luciana Margiotta: Ingeniera Industrial recibida en la UNSJ. Es docente de la c\u00e1tedra Pr\u00e1ctica Profesional de la carrera Ingenier\u00eda Industrial. Se desempe\u00f1a en gesti\u00f3n comercial y estrat\u00e9gica de una f\u00e1brica de aceite de oliva.<\/li>\n<\/ul>\n<p>Voces Paralelas particip\u00f3 y desarroll\u00f3 entrevistas period\u00edsticas a la Ing. Evelyn Caballero, quien describi\u00f3 sus pasos desde finalizado el secundario la elecci\u00f3n de\u00a0 de su carrear de grado y es profesional y feliz de su trabajo.<\/p>\n<p><iframe loading=\"lazy\" title=\"FI UNSJ ING EVELYN CABELLO\" width=\"800\" height=\"450\" src=\"https:\/\/www.youtube.com\/embed\/RyGTG2jFxBE?feature=oembed\" frameborder=\"0\" allow=\"accelerometer; autoplay; clipboard-write; encrypted-media; gyroscope; picture-in-picture; web-share\" allowfullscreen><\/iframe><\/p>\n<p>Luego, la Ing. Luciana Margiotta, quien explic\u00f3 lo que signific\u00f3 estudiar la carrera de grado Ingenier\u00eda Industrial y los caminos profesionales que transita para hacer grandes apostes de conocimiento.<\/p>\n<p><iframe loading=\"lazy\" title=\"FI UNSJ ING LUCIANA MARGIOTTA\" width=\"800\" height=\"450\" src=\"https:\/\/www.youtube.com\/embed\/wlGQMONiotY?feature=oembed\" frameborder=\"0\" allow=\"accelerometer; autoplay; clipboard-write; encrypted-media; gyroscope; picture-in-picture; web-share\" allowfullscreen><\/iframe><\/p>\n<p>Seguidamente, la vicedecana de la FI de la UNSJ, Dr. Andrea D\u00edaz remarc\u00f3 que las jornadas es para concientizaci\u00f3n de las mujeres que elijen una profesi\u00f3n que siempre fue para los hombre y que perfectamente la puede desarrollar por una mujer.<\/p>\n<p><iframe loading=\"lazy\" title=\"FI UNSJ VICEDECANA DRA ANDREA D\u00cdAZ\" width=\"800\" height=\"450\" src=\"https:\/\/www.youtube.com\/embed\/1hu3AtX612E?feature=oembed\" frameborder=\"0\" allow=\"accelerometer; autoplay; clipboard-write; encrypted-media; gyroscope; picture-in-picture; web-share\" allowfullscreen><\/iframe><\/p>\n<p>&nbsp;<\/p>\n<p>Finalmente, el Decano de la FI de la UNSJ, Ing. Mario Fern\u00e1ndez, quien destac\u00f3 que esta mirada de estudiar ingenier\u00eda se acortan las distancias profesionales entre el hombre y la mujer. Hoy ingresan m\u00e1s mujeres a las carreras de grado de la Unidad Acad\u00e9mica.<\/p>\n<p>&nbsp;<\/p>\n<p><iframe loading=\"lazy\" title=\"FI UNSJ DECANO ING MARIO FERN\u00c1NDEZ\" width=\"800\" height=\"450\" src=\"https:\/\/www.youtube.com\/embed\/O7Y0yYL3Y3o?feature=oembed\" frameborder=\"0\" allow=\"accelerometer; autoplay; clipboard-write; encrypted-media; gyroscope; picture-in-picture; web-share\" allowfullscreen><\/iframe><\/p>\n<p>&nbsp;<\/p>\n<p><img loading=\"lazy\" decoding=\"async\" class=\"alignnone size-full wp-image-60280\" src=\"https:\/\/vocesparalelas.com.ar\/sitio\/wp-content\/uploads\/2023\/06\/FI-UNSJ-FRENTE.jpg\" alt=\"\" width=\"800\" height=\"600\" srcset=\"https:\/\/vocesparalelas.com.ar\/sitio\/wp-content\/uploads\/2023\/06\/FI-UNSJ-FRENTE.jpg 800w, https:\/\/vocesparalelas.com.ar\/sitio\/wp-content\/uploads\/2023\/06\/FI-UNSJ-FRENTE-300x225.jpg 300w, https:\/\/vocesparalelas.com.ar\/sitio\/wp-content\/uploads\/2023\/06\/FI-UNSJ-FRENTE-768x576.jpg 768w\" sizes=\"auto, (max-width: 800px) 100vw, 800px\" \/><\/p>\n","protected":false},"excerpt":{"rendered":"<p>La Facultad de Ingenier\u00eda de la Universidad Nacional de San Juan desarroll\u00f3 en el Patio Central la Jornada de Comunicaci\u00f3n<\/p>\n","protected":false},"author":3,"featured_media":69347,"comment_status":"closed","ping_status":"closed","sticky":false,"template":"","format":"standard","meta":{"_acf_changed":false,"_seopress_robots_primary_cat":"none","_seopress_titles_title":"","_seopress_titles_desc":"","_seopress_robots_index":"","colormag_page_container_layout":"default_layout","colormag_page_sidebar_layout":"default_layout","footnotes":""},"categories":[2,7],"tags":[],"class_list":["post-69344","post","type-post","status-publish","format-standard","has-post-thumbnail","hentry","category-convocatorias","category-videos"],"acf":[],"_links":{"self":[{"href":"https:\/\/vocesparalelas.com.ar\/sitio\/wp-json\/wp\/v2\/posts\/69344","targetHints":{"allow":["GET"]}}],"collection":[{"href":"https:\/\/vocesparalelas.com.ar\/sitio\/wp-json\/wp\/v2\/posts"}],"about":[{"href":"https:\/\/vocesparalelas.com.ar\/sitio\/wp-json\/wp\/v2\/types\/post"}],"author":[{"embeddable":true,"href":"https:\/\/vocesparalelas.com.ar\/sitio\/wp-json\/wp\/v2\/users\/3"}],"replies":[{"embeddable":true,"href":"https:\/\/vocesparalelas.com.ar\/sitio\/wp-json\/wp\/v2\/comments?post=69344"}],"version-history":[{"count":1,"href":"https:\/\/vocesparalelas.com.ar\/sitio\/wp-json\/wp\/v2\/posts\/69344\/revisions"}],"predecessor-version":[{"id":69348,"href":"https:\/\/vocesparalelas.com.ar\/sitio\/wp-json\/wp\/v2\/posts\/69344\/revisions\/69348"}],"wp:featuredmedia":[{"embeddable":true,"href":"https:\/\/vocesparalelas.com.ar\/sitio\/wp-json\/wp\/v2\/media\/69347"}],"wp:attachment":[{"href":"https:\/\/vocesparalelas.com.ar\/sitio\/wp-json\/wp\/v2\/media?parent=69344"}],"wp:term":[{"taxonomy":"category","embeddable":true,"href":"https:\/\/vocesparalelas.com.ar\/sitio\/wp-json\/wp\/v2\/categories?post=69344"},{"taxonomy":"post_tag","embeddable":true,"href":"https:\/\/vocesparalelas.com.ar\/sitio\/wp-json\/wp\/v2\/tags?post=69344"}],"curies":[{"name":"wp","href":"https:\/\/api.w.org\/{rel}","templated":true}]}}