{"id":69307,"date":"2024-02-16T21:00:03","date_gmt":"2024-02-17T00:00:03","guid":{"rendered":"https:\/\/vocesparalelas.com.ar\/sitio\/?p=69307"},"modified":"2024-02-16T21:59:52","modified_gmt":"2024-02-17T00:59:52","slug":"el-gobierno-de-san-juan-conmemoro-el-213-aniversario-del-natalicio-de-domingo-faustino-sarmiento","status":"publish","type":"post","link":"https:\/\/vocesparalelas.com.ar\/sitio\/el-gobierno-de-san-juan-conmemoro-el-213-aniversario-del-natalicio-de-domingo-faustino-sarmiento\/","title":{"rendered":"El Gobierno de San Juan conmemor\u00f3 el 213\u00b0 aniversario del natalicio de Domingo Faustino Sarmiento"},"content":{"rendered":"<p>El 15 de Febrero se conmemora el 213\u00b0 Aniversario del natalicio de Domingo Faustino Sarmiento, adem\u00e1s, \u00a0se recod\u00f3 el 150\u00b0 Aniversario de la finalizaci\u00f3n del mandato presidencial de la Rep\u00fablica Argentina del Gran Maestro de Am\u00e9rica\u00a0 y se inaugur\u00f3 la muestra \u00abArte y labores de la Casa. Tareas del Museo\u00bb en la Casa Natal del Pr\u00f3cer de San Juan.<\/p>\n<p>El acto comenz\u00f3 con la entonaci\u00f3n del Himno Nacional Argentino y luego, se enton\u00f3 el Himno Provincial a Sarmiento con el acompa\u00f1amiento de la Banda de M\u00fasica de la Polic\u00eda de San Juan.<\/p>\n<p><img loading=\"lazy\" decoding=\"async\" class=\"alignnone size-full wp-image-69310\" src=\"https:\/\/vocesparalelas.com.ar\/sitio\/wp-content\/uploads\/2024\/02\/SARMIENTO-NATALICIO-24-01.jpg\" alt=\"\" width=\"800\" height=\"533\" srcset=\"https:\/\/vocesparalelas.com.ar\/sitio\/wp-content\/uploads\/2024\/02\/SARMIENTO-NATALICIO-24-01.jpg 800w, https:\/\/vocesparalelas.com.ar\/sitio\/wp-content\/uploads\/2024\/02\/SARMIENTO-NATALICIO-24-01-300x200.jpg 300w, https:\/\/vocesparalelas.com.ar\/sitio\/wp-content\/uploads\/2024\/02\/SARMIENTO-NATALICIO-24-01-768x512.jpg 768w\" sizes=\"auto, (max-width: 800px) 100vw, 800px\" \/> <img loading=\"lazy\" decoding=\"async\" class=\"alignnone size-full wp-image-69311\" src=\"https:\/\/vocesparalelas.com.ar\/sitio\/wp-content\/uploads\/2024\/02\/SARMIENTO-NATALICIO-24-02.jpg\" alt=\"\" width=\"800\" height=\"533\" srcset=\"https:\/\/vocesparalelas.com.ar\/sitio\/wp-content\/uploads\/2024\/02\/SARMIENTO-NATALICIO-24-02.jpg 800w, https:\/\/vocesparalelas.com.ar\/sitio\/wp-content\/uploads\/2024\/02\/SARMIENTO-NATALICIO-24-02-300x200.jpg 300w, https:\/\/vocesparalelas.com.ar\/sitio\/wp-content\/uploads\/2024\/02\/SARMIENTO-NATALICIO-24-02-768x512.jpg 768w\" sizes=\"auto, (max-width: 800px) 100vw, 800px\" \/><\/p>\n<p>Luego, distintas organizaciones colocaron coronas de laurales que simbolizan los grandes logros del pr\u00f3cer Domingo Faustino Sarmiento, frente a su busto que ilumina el patio de la casa.<\/p>\n<ul>\n<li>Gobierno de San Juan<\/li>\n<li>C\u00e1mara de Diputados<\/li>\n<li>Municipalidad de la Ciudad Capital<\/li>\n<\/ul>\n<p><img loading=\"lazy\" decoding=\"async\" class=\"alignnone size-large wp-image-69312\" src=\"https:\/\/vocesparalelas.com.ar\/sitio\/wp-content\/uploads\/2024\/02\/SARMIENTO-NATALICIO-24-03-800x464.jpg\" alt=\"\" width=\"800\" height=\"464\" srcset=\"https:\/\/vocesparalelas.com.ar\/sitio\/wp-content\/uploads\/2024\/02\/SARMIENTO-NATALICIO-24-03-800x464.jpg 800w, https:\/\/vocesparalelas.com.ar\/sitio\/wp-content\/uploads\/2024\/02\/SARMIENTO-NATALICIO-24-03-300x174.jpg 300w, https:\/\/vocesparalelas.com.ar\/sitio\/wp-content\/uploads\/2024\/02\/SARMIENTO-NATALICIO-24-03-768x446.jpg 768w, https:\/\/vocesparalelas.com.ar\/sitio\/wp-content\/uploads\/2024\/02\/SARMIENTO-NATALICIO-24-03.jpg 1024w\" sizes=\"auto, (max-width: 800px) 100vw, 800px\" \/> <img loading=\"lazy\" decoding=\"async\" class=\"alignnone size-full wp-image-69313\" src=\"https:\/\/vocesparalelas.com.ar\/sitio\/wp-content\/uploads\/2024\/02\/SARMIENTO-NATALICIO-24-04.jpg\" alt=\"\" width=\"800\" height=\"533\" srcset=\"https:\/\/vocesparalelas.com.ar\/sitio\/wp-content\/uploads\/2024\/02\/SARMIENTO-NATALICIO-24-04.jpg 800w, https:\/\/vocesparalelas.com.ar\/sitio\/wp-content\/uploads\/2024\/02\/SARMIENTO-NATALICIO-24-04-300x200.jpg 300w, https:\/\/vocesparalelas.com.ar\/sitio\/wp-content\/uploads\/2024\/02\/SARMIENTO-NATALICIO-24-04-768x512.jpg 768w\" sizes=\"auto, (max-width: 800px) 100vw, 800px\" \/> <img loading=\"lazy\" decoding=\"async\" class=\"alignnone size-full wp-image-69314\" src=\"https:\/\/vocesparalelas.com.ar\/sitio\/wp-content\/uploads\/2024\/02\/SARMIENTO-NATALICIO-24-05.jpg\" alt=\"\" width=\"800\" height=\"533\" srcset=\"https:\/\/vocesparalelas.com.ar\/sitio\/wp-content\/uploads\/2024\/02\/SARMIENTO-NATALICIO-24-05.jpg 800w, https:\/\/vocesparalelas.com.ar\/sitio\/wp-content\/uploads\/2024\/02\/SARMIENTO-NATALICIO-24-05-300x200.jpg 300w, https:\/\/vocesparalelas.com.ar\/sitio\/wp-content\/uploads\/2024\/02\/SARMIENTO-NATALICIO-24-05-768x512.jpg 768w\" sizes=\"auto, (max-width: 800px) 100vw, 800px\" \/><\/p>\n<p>A continuaci\u00f3n, los Diputados de la Legislatura de San Juan entregaron la resoluci\u00f3n que declaran al trabajo de Domingo Faustino Sarmiento monumento educativo.<\/p>\n<p><img loading=\"lazy\" decoding=\"async\" class=\"alignnone size-full wp-image-69316\" src=\"https:\/\/vocesparalelas.com.ar\/sitio\/wp-content\/uploads\/2024\/02\/SARMIENTO-NATALICIO-24-06.jpg\" alt=\"\" width=\"800\" height=\"533\" srcset=\"https:\/\/vocesparalelas.com.ar\/sitio\/wp-content\/uploads\/2024\/02\/SARMIENTO-NATALICIO-24-06.jpg 800w, https:\/\/vocesparalelas.com.ar\/sitio\/wp-content\/uploads\/2024\/02\/SARMIENTO-NATALICIO-24-06-300x200.jpg 300w, https:\/\/vocesparalelas.com.ar\/sitio\/wp-content\/uploads\/2024\/02\/SARMIENTO-NATALICIO-24-06-768x512.jpg 768w\" sizes=\"auto, (max-width: 800px) 100vw, 800px\" \/><\/p>\n<p>&nbsp;<\/p>\n<p>Luego, la Directora del Museo y Biblioteca de la Casa Natal de Sarmiento, DG Silvina V\u00e1squez, quien subray\u00f3 que \u00abtal vez tengamos que esperar mucho tiempo para viajar al pasado y si eso ocurriese, no nos resultara nada f\u00e1cil volver hacia atr\u00e1s y conocer a quienes nos precedieron y al igual que Sarmiento so\u00f1aron, delinearon y trabajaron por un ideal de naci\u00f3n\u201d.<\/p>\n<p><iframe loading=\"lazy\" title=\"DOMINGO FAUSTINO SARMIENTO\" width=\"800\" height=\"450\" src=\"https:\/\/www.youtube.com\/embed\/e_8y8zsG1z8?feature=oembed\" frameborder=\"0\" allow=\"accelerometer; autoplay; clipboard-write; encrypted-media; gyroscope; picture-in-picture; web-share\" allowfullscreen><\/iframe><\/p>\n<p>Seguidamente, la Ministra de Educaci\u00f3n del Gobierno de San Juan, Lic. Silvia Fuentes remarc\u00f3 que \u201cmuy orgullosos de estos 213 a\u00f1os, juntos vamos a poder salir adelante con todos los objetivos que tenemos en educaci\u00f3n, sacar adelante a nuestros estudiantes, nuestros j\u00f3venes, no solo es responsabilidad del Estado, es responsabilidad de los docentes, y tambi\u00e9n de los pap\u00e1s, hagamos juntos un San Juan grande, un San Juan que lleve en alto la educaci\u00f3n y que llevemos con orgullo el ser sanjuaninos y hermanos de Domingo Faustino Sarmiento\u201d.<\/p>\n<p>&nbsp;<\/p>\n<p><iframe loading=\"lazy\" title=\"SARMIENTO MINISTRA EDUCACI\u00d3N LIC SILVIA FUENTES\" width=\"800\" height=\"450\" src=\"https:\/\/www.youtube.com\/embed\/lilzd6fgv70?feature=oembed\" frameborder=\"0\" allow=\"accelerometer; autoplay; clipboard-write; encrypted-media; gyroscope; picture-in-picture; web-share\" allowfullscreen><\/iframe><\/p>\n<p>&nbsp;<\/p>\n<p>Posteriormente, las autoridades y los invitados se trasladaron a la Casa Natal para apreciar y admirar la la muestra \u00abArte y labores de la Casa. Tareas del Museo\u00bb.<\/p>\n<p><img loading=\"lazy\" decoding=\"async\" class=\"alignnone size-full wp-image-69317\" src=\"https:\/\/vocesparalelas.com.ar\/sitio\/wp-content\/uploads\/2024\/02\/SARMIENTO-NATALICIO-24-07.jpg\" alt=\"\" width=\"800\" height=\"533\" srcset=\"https:\/\/vocesparalelas.com.ar\/sitio\/wp-content\/uploads\/2024\/02\/SARMIENTO-NATALICIO-24-07.jpg 800w, https:\/\/vocesparalelas.com.ar\/sitio\/wp-content\/uploads\/2024\/02\/SARMIENTO-NATALICIO-24-07-300x200.jpg 300w, https:\/\/vocesparalelas.com.ar\/sitio\/wp-content\/uploads\/2024\/02\/SARMIENTO-NATALICIO-24-07-768x512.jpg 768w\" sizes=\"auto, (max-width: 800px) 100vw, 800px\" \/><\/p>\n<p>Es una exposici\u00f3n temporal de bienes restaurados hist\u00f3ricos pertenecientes a la familia Sarmiento.<\/p>\n<p>Esta es una invitaci\u00f3n a sumergirse en el vivir colonial de las hermanas Procesa, Bienvenida y Rosario Sarmiento, quienes habitaron esta Casa Hist\u00f3rica, y su hacer cotidiano y en el ritmo actual del museo y sus pr\u00e1cticas y t\u00e9cnicas diarias.<\/p>\n<p>Es una conexi\u00f3n entre pasado y presente de esta casa familiar convertida en Museo y Monumento Hist\u00f3rico Nacional, a partir de esos peque\u00f1os fragmentos, gestos, tareas que definen el \u00abarte de estar presente en cada puntada o pincelada al bordar, coser o pintar\u00bb, y la \u00abprofesi\u00f3n de estar an\u00f3nimamente presente en cada gesto o tarea, al conservar y restaurar\u00bb.<\/p>\n<p>Forman parte de la exhibici\u00f3n 2 \u00f3leos y un almohad\u00f3n pertenecientes a la familia Sarmiento, pertenecientes a la colecci\u00f3n de Casa Natal de Sarmiento, que fueron restaurados por el Taller de Conservaci\u00f3n de la DNM durante el a\u00f1o 2023. Estos objetos ser\u00e1n exhibidos y se podr\u00e1 conocer el estado anterior y posterior al proceso de restauraci\u00f3n.<\/p>\n<p><img loading=\"lazy\" decoding=\"async\" class=\"alignnone size-full wp-image-41746\" src=\"https:\/\/vocesparalelas.com.ar\/sitio\/wp-content\/uploads\/2021\/09\/CASA-SARMIENTO-FRENTE-01.jpg\" alt=\"\" width=\"800\" height=\"533\" srcset=\"https:\/\/vocesparalelas.com.ar\/sitio\/wp-content\/uploads\/2021\/09\/CASA-SARMIENTO-FRENTE-01.jpg 800w, https:\/\/vocesparalelas.com.ar\/sitio\/wp-content\/uploads\/2021\/09\/CASA-SARMIENTO-FRENTE-01-300x200.jpg 300w, https:\/\/vocesparalelas.com.ar\/sitio\/wp-content\/uploads\/2021\/09\/CASA-SARMIENTO-FRENTE-01-768x512.jpg 768w\" sizes=\"auto, (max-width: 800px) 100vw, 800px\" \/><\/p>\n<p>&nbsp;<\/p>\n<p>&nbsp;<\/p>\n","protected":false},"excerpt":{"rendered":"<p>El 15 de Febrero se conmemora el 213\u00b0 Aniversario del natalicio de Domingo Faustino Sarmiento, adem\u00e1s, \u00a0se recod\u00f3 el 150\u00b0<\/p>\n","protected":false},"author":3,"featured_media":52452,"comment_status":"closed","ping_status":"closed","sticky":false,"template":"","format":"standard","meta":{"_acf_changed":false,"_seopress_robots_primary_cat":"none","_seopress_titles_title":"","_seopress_titles_desc":"","_seopress_robots_index":"","colormag_page_container_layout":"default_layout","colormag_page_sidebar_layout":"default_layout","footnotes":""},"categories":[1,7],"tags":[],"class_list":["post-69307","post","type-post","status-publish","format-standard","has-post-thumbnail","hentry","category-destacadas","category-videos"],"acf":[],"_links":{"self":[{"href":"https:\/\/vocesparalelas.com.ar\/sitio\/wp-json\/wp\/v2\/posts\/69307","targetHints":{"allow":["GET"]}}],"collection":[{"href":"https:\/\/vocesparalelas.com.ar\/sitio\/wp-json\/wp\/v2\/posts"}],"about":[{"href":"https:\/\/vocesparalelas.com.ar\/sitio\/wp-json\/wp\/v2\/types\/post"}],"author":[{"embeddable":true,"href":"https:\/\/vocesparalelas.com.ar\/sitio\/wp-json\/wp\/v2\/users\/3"}],"replies":[{"embeddable":true,"href":"https:\/\/vocesparalelas.com.ar\/sitio\/wp-json\/wp\/v2\/comments?post=69307"}],"version-history":[{"count":2,"href":"https:\/\/vocesparalelas.com.ar\/sitio\/wp-json\/wp\/v2\/posts\/69307\/revisions"}],"predecessor-version":[{"id":69328,"href":"https:\/\/vocesparalelas.com.ar\/sitio\/wp-json\/wp\/v2\/posts\/69307\/revisions\/69328"}],"wp:featuredmedia":[{"embeddable":true,"href":"https:\/\/vocesparalelas.com.ar\/sitio\/wp-json\/wp\/v2\/media\/52452"}],"wp:attachment":[{"href":"https:\/\/vocesparalelas.com.ar\/sitio\/wp-json\/wp\/v2\/media?parent=69307"}],"wp:term":[{"taxonomy":"category","embeddable":true,"href":"https:\/\/vocesparalelas.com.ar\/sitio\/wp-json\/wp\/v2\/categories?post=69307"},{"taxonomy":"post_tag","embeddable":true,"href":"https:\/\/vocesparalelas.com.ar\/sitio\/wp-json\/wp\/v2\/tags?post=69307"}],"curies":[{"name":"wp","href":"https:\/\/api.w.org\/{rel}","templated":true}]}}