{"id":69301,"date":"2024-02-15T23:36:03","date_gmt":"2024-02-16T02:36:03","guid":{"rendered":"https:\/\/vocesparalelas.com.ar\/sitio\/?p=69301"},"modified":"2024-02-17T23:29:54","modified_gmt":"2024-02-18T02:29:54","slug":"reflexiones-a-los-213-anos-del-natalicio-de-domingo-faustino-sarmiento-de-la-educacion-de-san-juan-de-2024","status":"publish","type":"post","link":"https:\/\/vocesparalelas.com.ar\/sitio\/reflexiones-a-los-213-anos-del-natalicio-de-domingo-faustino-sarmiento-de-la-educacion-de-san-juan-de-2024\/","title":{"rendered":"Reflexiones a los 213 a\u00f1os del natalicio de Domingo Faustino Sarmiento de la Educaci\u00f3n de San Juan de 2024"},"content":{"rendered":"<p>En el patio de la Casa Natal de Domingo Faustino Sarmiento, se realiz\u00f3 el acto del 213 a\u00f1os del natalicio del Maestro de Am\u00e9rica.<\/p>\n<p>Previa su desarrollo, Voces Paralelas desarroll\u00f3 una entrevista period\u00edstica a la Ministra de Educaci\u00f3n del Gobierno de San Juan, Lic. Silvia Fuentes, quien realiz\u00f3 la reflexi\u00f3n del legado de Domingo Faustino Sarmiento en la Educaci\u00f3n de San Juan de 2024.<\/p>\n<p>&nbsp;<\/p>\n<p><iframe loading=\"lazy\" title=\"SAN JUAN MINISTRA EDUCACI\u00d3N LIC SILVIA FUENTES\" width=\"800\" height=\"450\" src=\"https:\/\/www.youtube.com\/embed\/ejrOcgLuqVw?feature=oembed\" frameborder=\"0\" allow=\"accelerometer; autoplay; clipboard-write; encrypted-media; gyroscope; picture-in-picture; web-share\" allowfullscreen><\/iframe><\/p>\n<p>&nbsp;<\/p>\n<p><img loading=\"lazy\" decoding=\"async\" class=\"alignnone size-full wp-image-41747\" src=\"https:\/\/vocesparalelas.com.ar\/sitio\/wp-content\/uploads\/2021\/09\/CASA-SARMIENTO-FRENTE-02.jpg\" alt=\"\" width=\"800\" height=\"533\" srcset=\"https:\/\/vocesparalelas.com.ar\/sitio\/wp-content\/uploads\/2021\/09\/CASA-SARMIENTO-FRENTE-02.jpg 800w, https:\/\/vocesparalelas.com.ar\/sitio\/wp-content\/uploads\/2021\/09\/CASA-SARMIENTO-FRENTE-02-300x200.jpg 300w, https:\/\/vocesparalelas.com.ar\/sitio\/wp-content\/uploads\/2021\/09\/CASA-SARMIENTO-FRENTE-02-768x512.jpg 768w\" sizes=\"auto, (max-width: 800px) 100vw, 800px\" \/><\/p>\n","protected":false},"excerpt":{"rendered":"<p>En el patio de la Casa Natal de Domingo Faustino Sarmiento, se realiz\u00f3 el acto del 213 a\u00f1os del natalicio<\/p>\n","protected":false},"author":3,"featured_media":69304,"comment_status":"closed","ping_status":"closed","sticky":false,"template":"","format":"standard","meta":{"_acf_changed":false,"_seopress_robots_primary_cat":"none","_seopress_titles_title":"","_seopress_titles_desc":"","_seopress_robots_index":"","colormag_page_container_layout":"default_layout","colormag_page_sidebar_layout":"default_layout","footnotes":""},"categories":[10,7],"tags":[],"class_list":["post-69301","post","type-post","status-publish","format-standard","has-post-thumbnail","hentry","category-opiniones","category-videos"],"acf":[],"_links":{"self":[{"href":"https:\/\/vocesparalelas.com.ar\/sitio\/wp-json\/wp\/v2\/posts\/69301","targetHints":{"allow":["GET"]}}],"collection":[{"href":"https:\/\/vocesparalelas.com.ar\/sitio\/wp-json\/wp\/v2\/posts"}],"about":[{"href":"https:\/\/vocesparalelas.com.ar\/sitio\/wp-json\/wp\/v2\/types\/post"}],"author":[{"embeddable":true,"href":"https:\/\/vocesparalelas.com.ar\/sitio\/wp-json\/wp\/v2\/users\/3"}],"replies":[{"embeddable":true,"href":"https:\/\/vocesparalelas.com.ar\/sitio\/wp-json\/wp\/v2\/comments?post=69301"}],"version-history":[{"count":1,"href":"https:\/\/vocesparalelas.com.ar\/sitio\/wp-json\/wp\/v2\/posts\/69301\/revisions"}],"predecessor-version":[{"id":69305,"href":"https:\/\/vocesparalelas.com.ar\/sitio\/wp-json\/wp\/v2\/posts\/69301\/revisions\/69305"}],"wp:featuredmedia":[{"embeddable":true,"href":"https:\/\/vocesparalelas.com.ar\/sitio\/wp-json\/wp\/v2\/media\/69304"}],"wp:attachment":[{"href":"https:\/\/vocesparalelas.com.ar\/sitio\/wp-json\/wp\/v2\/media?parent=69301"}],"wp:term":[{"taxonomy":"category","embeddable":true,"href":"https:\/\/vocesparalelas.com.ar\/sitio\/wp-json\/wp\/v2\/categories?post=69301"},{"taxonomy":"post_tag","embeddable":true,"href":"https:\/\/vocesparalelas.com.ar\/sitio\/wp-json\/wp\/v2\/tags?post=69301"}],"curies":[{"name":"wp","href":"https:\/\/api.w.org\/{rel}","templated":true}]}}