{"id":69278,"date":"2024-02-15T22:51:51","date_gmt":"2024-02-16T01:51:51","guid":{"rendered":"https:\/\/vocesparalelas.com.ar\/sitio\/?p=69278"},"modified":"2024-02-15T22:51:51","modified_gmt":"2024-02-16T01:51:51","slug":"dia-de-la-lucha-contra-el-cancer-infantil-con-una-suelta-de-globos-amarillos-en-san-juan","status":"publish","type":"post","link":"https:\/\/vocesparalelas.com.ar\/sitio\/dia-de-la-lucha-contra-el-cancer-infantil-con-una-suelta-de-globos-amarillos-en-san-juan\/","title":{"rendered":"D\u00eda de la Lucha contra el C\u00e1ncer Infantil con una suelta de globos amarillos en San Juan"},"content":{"rendered":"<p>Orrego particip\u00f3 en la suelta de globos por el D\u00eda de la Lucha contra el C\u00e1ncer Infantil<\/p>\n<p>El gobernador destac\u00f3 la importancia de conmemorar esta jornada, y el trabajo conjunto de familias, m\u00e9dicos y pacientes<\/p>\n<p>El Jueves, 15 de Febrero, se conmemora el D\u00eda de la Lucha contra el C\u00e1ncer Infantil y San Juan lo record\u00f3 en el Hall central del Hospital Dr. Guillermo Rawson, donde se realiz\u00f3 la suelta de globos amarillos.<\/p>\n<p>La actividad fue organizada por FundaMe y la Unidad de Hematolog\u00eda y Oncolog\u00eda Infantil del Hospital Dr. Guillermo Rawson.<\/p>\n<p>En este contexto,\u00a0el gobernador Dr. Marcelo Orrego particip\u00f3 de la anual suelta de globos amarillos en conmemoraci\u00f3n del D\u00eda Internacional de la Lucha contra el C\u00e1ncer Infantil.<\/p>\n<p>Participaron la ministra de Gobierno, Dra. Laura Palma, el ministro de Familia y Desarrollo Humano, Prof. Carlos Platero, la ministra de Educaci\u00f3n, Lic. Silvia Fuentes, el secretario de Seguridad, Dr. Gustavo S\u00e1nchez, el secretario T\u00e9cnico del Ministerio de Salud, Dr. Alejandro Navarta, la jefa de la Unidad de Hematolog\u00eda y Oncolog\u00eda, Dra. Mar\u00eda Elizabeth Arrieta, pacientes y familiares.<\/p>\n<p>Como cada 15 de febrero, esta actividad simboliza la esperanza y la uni\u00f3n en la lucha contra el c\u00e1ncer infantil.<\/p>\n<p>En ese sentido, la jefa de la Unidad de Hematolog\u00eda y Oncolog\u00eda Infantil, Dra. Mar\u00eda Elizabeth Arrieta, coment\u00f3 que \u201choy es un d\u00eda muy importante para todos nosotros porque podemos acompa\u00f1ar a los pacientes y familiares en la lucha contra el c\u00e1ncer infantil. Una lucha es concientizar a la poblaci\u00f3n de que esta enfermedad existe, que, con un tratamiento adecuado y oportuno, el c\u00e1ncer es curable. Hoy en San Juan el 100% de los pacientes est\u00e1n atendidos en tiempo y forma con este diagn\u00f3stico, para nosotros es un orgullo\u201d.<\/p>\n<p>Por su parte, el secretario t\u00e9cnico de Salud, Dr. Alejandro Navarta dijo que \u00abla emblem\u00e1tica suelta de globos tambi\u00e9n representa todo lo que hay detr\u00e1s de la lucha contra la enfermedad. Representa pacientes, m\u00e9dicos, administrativos, que trabajan en pos de sacar adelante a nuestros pacientes. Adem\u00e1s, nos debemos comprometer y apoyar a FundaMe que brinda la ayuda y contenci\u00f3n al paciente y a su familia\u00bb.<\/p>\n<p>Finalmente, el Gobernador, Dr. Marcelo Orrego dijo que \u00abagradezco a Mar\u00eda del Valle Garc\u00eda, la presidenta de FundaMe, por el gran equipo extraordinario que hace que siempre sea un d\u00eda muy emotivo. Tenemos la satisfacci\u00f3n que la Casa de FundaMe haya nacido en el Departamento Santa Luc\u00eda, donde me ha tocado ser intendente durante 8 a\u00f1os y trabajar en conjunto mucho tiempo\u201d.<\/p>\n<p>\u00abAgradezco a los familiares presentes, al personal administrativo del hospital, a los funcionarios del ministerio de salud y a los voluntarios y colaboradores de FundaMe\u00bb.<\/p>\n<p>\u00abLos padres de los chicos que padecen la enfermedad, todo mi reconocimiento, mi respeto, que sepan que cuentan conmigo, con mi trabajo para todo lo que precisen. Por supuesto a estos queridos ni\u00f1os que son un ejemplo de lucha. Son un ejemplo de amor, son un claro ejemplo y una se\u00f1al de que todos tenemos que cuidar la vida\u201d.<\/p>\n<p>\u201cHay tres \u00e1reas, como siempre digo, que son indispensables. Las otras, por supuesto, las consideramos absolutamente todos los d\u00edas, porque son parte del esfuerzo que tiene que hacer San Juan en los pr\u00f3ximos tiempos. Pero tres \u00e1reas que tienen que ver con la protecci\u00f3n de las familias sanjuaninas y son la salud, la educaci\u00f3n y la seguridad son clave en este gobierno\u201d &#8211; concluy\u00f3 el gobernador Dr. Marcelo Orrego.<\/p>\n<p><img loading=\"lazy\" decoding=\"async\" class=\"alignnone size-full wp-image-56364\" src=\"https:\/\/vocesparalelas.com.ar\/sitio\/wp-content\/uploads\/2023\/02\/FundaMe.png\" alt=\"\" width=\"800\" height=\"492\" srcset=\"https:\/\/vocesparalelas.com.ar\/sitio\/wp-content\/uploads\/2023\/02\/FundaMe.png 800w, https:\/\/vocesparalelas.com.ar\/sitio\/wp-content\/uploads\/2023\/02\/FundaMe-300x185.png 300w, https:\/\/vocesparalelas.com.ar\/sitio\/wp-content\/uploads\/2023\/02\/FundaMe-768x472.png 768w\" sizes=\"auto, (max-width: 800px) 100vw, 800px\" \/><\/p>\n<p>Invitaci\u00f3n del Vicegobernador de San Juan, Dr. Fabi\u00e1n Mart\u00edn para que trabajes ayudando en FundaMe.<\/p>\n<p><iframe loading=\"lazy\" title=\"FUNDAME SAN JUAN VICEGOBERNADOR DR FABI\u00c1N MART\u00cdN\" width=\"800\" height=\"450\" src=\"https:\/\/www.youtube.com\/embed\/R5hrLpivBk4?feature=oembed\" frameborder=\"0\" allow=\"accelerometer; autoplay; clipboard-write; encrypted-media; gyroscope; picture-in-picture; web-share\" allowfullscreen><\/iframe><\/p>\n<p>&nbsp;<\/p>\n<p><img loading=\"lazy\" decoding=\"async\" class=\"alignnone size-full wp-image-27493\" src=\"https:\/\/vocesparalelas.com.ar\/sitio\/wp-content\/uploads\/2020\/04\/HOSPITAL-RAWSON-10.jpg\" alt=\"\" width=\"800\" height=\"533\" srcset=\"https:\/\/vocesparalelas.com.ar\/sitio\/wp-content\/uploads\/2020\/04\/HOSPITAL-RAWSON-10.jpg 800w, https:\/\/vocesparalelas.com.ar\/sitio\/wp-content\/uploads\/2020\/04\/HOSPITAL-RAWSON-10-300x200.jpg 300w, https:\/\/vocesparalelas.com.ar\/sitio\/wp-content\/uploads\/2020\/04\/HOSPITAL-RAWSON-10-768x512.jpg 768w\" sizes=\"auto, (max-width: 800px) 100vw, 800px\" \/><\/p>\n<p>&nbsp;<\/p>\n<p>&nbsp;<\/p>\n<p>&nbsp;<\/p>\n<p>&nbsp;<\/p>\n","protected":false},"excerpt":{"rendered":"<p>Orrego particip\u00f3 en la suelta de globos por el D\u00eda de la Lucha contra el C\u00e1ncer Infantil El gobernador destac\u00f3<\/p>\n","protected":false},"author":3,"featured_media":69281,"comment_status":"closed","ping_status":"closed","sticky":false,"template":"","format":"standard","meta":{"_acf_changed":false,"_seopress_robots_primary_cat":"none","_seopress_titles_title":"","_seopress_titles_desc":"","_seopress_robots_index":"","colormag_page_container_layout":"default_layout","colormag_page_sidebar_layout":"default_layout","footnotes":""},"categories":[1,7],"tags":[],"class_list":["post-69278","post","type-post","status-publish","format-standard","has-post-thumbnail","hentry","category-destacadas","category-videos"],"acf":[],"_links":{"self":[{"href":"https:\/\/vocesparalelas.com.ar\/sitio\/wp-json\/wp\/v2\/posts\/69278","targetHints":{"allow":["GET"]}}],"collection":[{"href":"https:\/\/vocesparalelas.com.ar\/sitio\/wp-json\/wp\/v2\/posts"}],"about":[{"href":"https:\/\/vocesparalelas.com.ar\/sitio\/wp-json\/wp\/v2\/types\/post"}],"author":[{"embeddable":true,"href":"https:\/\/vocesparalelas.com.ar\/sitio\/wp-json\/wp\/v2\/users\/3"}],"replies":[{"embeddable":true,"href":"https:\/\/vocesparalelas.com.ar\/sitio\/wp-json\/wp\/v2\/comments?post=69278"}],"version-history":[{"count":1,"href":"https:\/\/vocesparalelas.com.ar\/sitio\/wp-json\/wp\/v2\/posts\/69278\/revisions"}],"predecessor-version":[{"id":69282,"href":"https:\/\/vocesparalelas.com.ar\/sitio\/wp-json\/wp\/v2\/posts\/69278\/revisions\/69282"}],"wp:featuredmedia":[{"embeddable":true,"href":"https:\/\/vocesparalelas.com.ar\/sitio\/wp-json\/wp\/v2\/media\/69281"}],"wp:attachment":[{"href":"https:\/\/vocesparalelas.com.ar\/sitio\/wp-json\/wp\/v2\/media?parent=69278"}],"wp:term":[{"taxonomy":"category","embeddable":true,"href":"https:\/\/vocesparalelas.com.ar\/sitio\/wp-json\/wp\/v2\/categories?post=69278"},{"taxonomy":"post_tag","embeddable":true,"href":"https:\/\/vocesparalelas.com.ar\/sitio\/wp-json\/wp\/v2\/tags?post=69278"}],"curies":[{"name":"wp","href":"https:\/\/api.w.org\/{rel}","templated":true}]}}