{"id":69243,"date":"2024-02-14T19:28:27","date_gmt":"2024-02-14T22:28:27","guid":{"rendered":"https:\/\/vocesparalelas.com.ar\/sitio\/?p=69243"},"modified":"2024-02-14T19:28:27","modified_gmt":"2024-02-14T22:28:27","slug":"hacia-un-cambio-de-paradigma-en-el-transporte-publico-y-los-trabajadores-seamos-protagonistas","status":"publish","type":"post","link":"https:\/\/vocesparalelas.com.ar\/sitio\/hacia-un-cambio-de-paradigma-en-el-transporte-publico-y-los-trabajadores-seamos-protagonistas\/","title":{"rendered":"\u00bfHacia un cambio de paradigma en el Transporte P\u00fablico? \u00bfY los trabajadores ? Seamos protagonistas"},"content":{"rendered":"<p>Con las modificaciones establecidas desde el Estado Nacional, en relaci\u00f3n a los subsidios del transporte en el interior y que prontamente se ver\u00e1 en el \u00e1mbito del Amba, hay una clara intenci\u00f3n de cambiar el sistema de transporte p\u00fablico de pasajeros.<\/p>\n<p>Si bien, el Estado Nacional asegur\u00f3 que aquellos que necesiten \u00abdel aporte del Estado Nacional, seguir\u00e1n contando con el tributo social a trav\u00e9s de la tarjeta SUBE\u00bb. Se desregula completamente el transporte de pasajeros y se lo deja \u00aba la buena de Dios\u00bb. Hay\u00a0jurisdicciones que no utilizan la tarjeta SUBE, por ejemplo.<\/p>\n<p>Ante este nuevo cuadro de situaci\u00f3n, las compa\u00f1\u00edas tendr\u00e1n la facultad para subir el valor de sus tarifas sin ning\u00fan tipo de l\u00edmite, generando discordia y conflictos entre el Estado Nacional y los Estados Provinciales, afectando a la ciudadan\u00eda y los usuarios en general y a los trabajadores y sus fuentes de trabajo en particular.<\/p>\n<p>Somos testigos, a la luz de las medidas anunciadas, de un radical cambio de sistema de transporte p\u00fablico de pasajeros, sin la m\u00e1s m\u00ednima transici\u00f3n o planificaci\u00f3n. Se carece de una hoja de ruta, sin ella, el sistema de transporte colapsar\u00e1, inevitable e irremediablemente. Este nuevo esquema, expreso, sin paradas intermedias, genera incertidumbre, en cuanto al pago del salario de los trabajadores y a la prestaci\u00f3n del servicio p\u00fablico.<\/p>\n<p>De esta manera, peligran el salario, las fuentes de trabajo y el sistema de transporte de pasajeros.<\/p>\n<p>Es sorprendente que el Estado Nacional act\u00fae sin una hoja de ruta, s\u00f3lo analizando\u00a0cuestiones financieras o de caja, como de parte de los empresarios de transporte que se limitan a actuar como siempre, limit\u00e1ndose a dar la voz de alarma intranquilizando a usuarios\u00a0y trabajadores.<\/p>\n<p>Buscamos la paz social y la tranquilidad de todos los actores. Somos protagonistas, no nos rebajemos a meros espectadores, sino ser\u00e1 tarde.<\/p>\n<p>Como entidad sindical, es nuestro deber advertir lo que pasa y estamos dispuestos a colaborar en una hoja de ruta o plan de transici\u00f3n, en el que participen todos los protagonistas involucrados.<\/p>\n<p style=\"text-align: right;\">Roberto Carlos Fern\u00e1ndez<\/p>\n<p style=\"text-align: right;\">Secretario General<\/p>\n<p style=\"text-align: right;\">Consejo Directivo Nacional<\/p>\n<p style=\"text-align: right;\">Uni\u00f3n Tranviarios Automotor<\/p>\n<p>&nbsp;<\/p>\n<p><img loading=\"lazy\" decoding=\"async\" class=\"alignnone size-full wp-image-48167\" src=\"https:\/\/vocesparalelas.com.ar\/sitio\/wp-content\/uploads\/2022\/04\/REDTULUM-REANUDA-01.jpg\" alt=\"\" width=\"800\" height=\"600\" srcset=\"https:\/\/vocesparalelas.com.ar\/sitio\/wp-content\/uploads\/2022\/04\/REDTULUM-REANUDA-01.jpg 800w, https:\/\/vocesparalelas.com.ar\/sitio\/wp-content\/uploads\/2022\/04\/REDTULUM-REANUDA-01-300x225.jpg 300w, https:\/\/vocesparalelas.com.ar\/sitio\/wp-content\/uploads\/2022\/04\/REDTULUM-REANUDA-01-768x576.jpg 768w\" sizes=\"auto, (max-width: 800px) 100vw, 800px\" \/><\/p>\n","protected":false},"excerpt":{"rendered":"<p>Con las modificaciones establecidas desde el Estado Nacional, en relaci\u00f3n a los subsidios del transporte en el interior y que<\/p>\n","protected":false},"author":3,"featured_media":59582,"comment_status":"closed","ping_status":"closed","sticky":false,"template":"","format":"standard","meta":{"_acf_changed":false,"_seopress_robots_primary_cat":"none","_seopress_titles_title":"","_seopress_titles_desc":"","_seopress_robots_index":"","colormag_page_container_layout":"default_layout","colormag_page_sidebar_layout":"default_layout","footnotes":""},"categories":[1],"tags":[],"class_list":["post-69243","post","type-post","status-publish","format-standard","has-post-thumbnail","hentry","category-destacadas"],"acf":[],"_links":{"self":[{"href":"https:\/\/vocesparalelas.com.ar\/sitio\/wp-json\/wp\/v2\/posts\/69243","targetHints":{"allow":["GET"]}}],"collection":[{"href":"https:\/\/vocesparalelas.com.ar\/sitio\/wp-json\/wp\/v2\/posts"}],"about":[{"href":"https:\/\/vocesparalelas.com.ar\/sitio\/wp-json\/wp\/v2\/types\/post"}],"author":[{"embeddable":true,"href":"https:\/\/vocesparalelas.com.ar\/sitio\/wp-json\/wp\/v2\/users\/3"}],"replies":[{"embeddable":true,"href":"https:\/\/vocesparalelas.com.ar\/sitio\/wp-json\/wp\/v2\/comments?post=69243"}],"version-history":[{"count":1,"href":"https:\/\/vocesparalelas.com.ar\/sitio\/wp-json\/wp\/v2\/posts\/69243\/revisions"}],"predecessor-version":[{"id":69246,"href":"https:\/\/vocesparalelas.com.ar\/sitio\/wp-json\/wp\/v2\/posts\/69243\/revisions\/69246"}],"wp:featuredmedia":[{"embeddable":true,"href":"https:\/\/vocesparalelas.com.ar\/sitio\/wp-json\/wp\/v2\/media\/59582"}],"wp:attachment":[{"href":"https:\/\/vocesparalelas.com.ar\/sitio\/wp-json\/wp\/v2\/media?parent=69243"}],"wp:term":[{"taxonomy":"category","embeddable":true,"href":"https:\/\/vocesparalelas.com.ar\/sitio\/wp-json\/wp\/v2\/categories?post=69243"},{"taxonomy":"post_tag","embeddable":true,"href":"https:\/\/vocesparalelas.com.ar\/sitio\/wp-json\/wp\/v2\/tags?post=69243"}],"curies":[{"name":"wp","href":"https:\/\/api.w.org\/{rel}","templated":true}]}}