{"id":69239,"date":"2024-02-14T16:32:56","date_gmt":"2024-02-14T19:32:56","guid":{"rendered":"https:\/\/vocesparalelas.com.ar\/sitio\/?p=69239"},"modified":"2024-02-16T22:01:44","modified_gmt":"2024-02-17T01:01:44","slug":"operativo-credencial-universitaria-para-el-ingresante-a-la-unsj","status":"publish","type":"post","link":"https:\/\/vocesparalelas.com.ar\/sitio\/operativo-credencial-universitaria-para-el-ingresante-a-la-unsj\/","title":{"rendered":"Operativo \u00abCredencial Universitaria\u00bb para el ingresante a la UNSJ"},"content":{"rendered":"<p>La Secretar\u00eda de Bienestar Universitario de la Universidad Nacional de San Juan genera por primera vez las credenciales universitarias para los aspirantes a ingresar a la UNSJ.<\/p>\n<p>Para ello, dispone de operativos en el marco del Programa de Renovaci\u00f3n Inform\u00e1tica de sus sistemas.<\/p>\n<p>La decisi\u00f3n permite a la SBU descentralizar la generaci\u00f3n de estas acreditaciones y evitar demoras.<\/p>\n<p>El objetivo es que los ingresantes puedan tener su credencial y pagar el boleto escolar, mientras est\u00e1n realizando el curso de nivelaci\u00f3n.<\/p>\n<p>El SBU de la UNSJ, Dr. Lucas Molina explic\u00f3 que \u00abpor ahora estamos haciendo unas pruebas pilotos a ver c\u00f3mo funcionar\u00e1; no obstante, las personas interesadas tambi\u00e9n pueden acudir al Complejo El Palomar de 8 a 13 h a gestionar la credencial con la fotocopia del DNI\u201d.<\/p>\n<p>\u201cSe les otorga la credencial hasta Agosto y si en Agosto obtienen la matr\u00edcula porque terminaron de rendir materias adeudadas del secundario y aprobaron el curso de ingreso, entonces se les renovar\u00e1 hasta Abril de 2025\u201d.<\/p>\n<p>\u201cNos parece muy importante que la Secretar\u00eda de Bienestar tenga m\u00e1s presencia en cada una de las facultades y tambi\u00e9n es un paso m\u00e1s porque seguimos avanzando en la renovaci\u00f3n inform\u00e1tica de la Secretar\u00eda. En ese sentido estamos trabajando en la implementaci\u00f3n de un nuevo sistema de socios que estar\u00e1 operativo en los pr\u00f3ximos meses en El Palomar, puesto que el sistema que estaba vigente era del a\u00f1o 2000. Estamos procurando que los servicios de la Secretar\u00eda de Bienestar Universitario est\u00e9n informatizados de una manera correcta\u201d concluy\u00f3 la autoridad universitaria.<\/p>\n<p><strong><span style=\"color: #0000ff;\">Cronograma<\/span><\/strong><\/p>\n<ul>\n<li>Mi\u00e9rcoles, 14 de Febrero, en la Facultad de Ingenier\u00eda<\/li>\n<li>Jueves, 15 de Febrero, de 11 a 15 hs.; en la fFcultad de Filosof\u00eda, Humanidades y Artes<\/li>\n<li>Viernes, 16 de Febrero, de 13 a 17 hs., en el Complejo Universitario Islas Malvinas &#8211; CUIM-, donde funcionan las Facultades de Ciencias Sociales, de Ciencias Exactas, F\u00edsicas y Naturales y de Arquitectura, Urbanismo y Dise\u00f1o de la UNSJ.<\/li>\n<\/ul>\n<p><img loading=\"lazy\" decoding=\"async\" class=\"alignnone size-full wp-image-54035\" src=\"https:\/\/vocesparalelas.com.ar\/sitio\/wp-content\/uploads\/2022\/11\/UNSJ-LOGO-10.jpg\" alt=\"\" width=\"800\" height=\"533\" srcset=\"https:\/\/vocesparalelas.com.ar\/sitio\/wp-content\/uploads\/2022\/11\/UNSJ-LOGO-10.jpg 800w, https:\/\/vocesparalelas.com.ar\/sitio\/wp-content\/uploads\/2022\/11\/UNSJ-LOGO-10-300x200.jpg 300w, https:\/\/vocesparalelas.com.ar\/sitio\/wp-content\/uploads\/2022\/11\/UNSJ-LOGO-10-768x512.jpg 768w\" sizes=\"auto, (max-width: 800px) 100vw, 800px\" \/><\/p>\n","protected":false},"excerpt":{"rendered":"<p>La Secretar\u00eda de Bienestar Universitario de la Universidad Nacional de San Juan genera por primera vez las credenciales universitarias para<\/p>\n","protected":false},"author":3,"featured_media":37170,"comment_status":"closed","ping_status":"closed","sticky":false,"template":"","format":"standard","meta":{"_acf_changed":false,"_seopress_robots_primary_cat":"none","_seopress_titles_title":"","_seopress_titles_desc":"","_seopress_robots_index":"","colormag_page_container_layout":"default_layout","colormag_page_sidebar_layout":"default_layout","footnotes":""},"categories":[2],"tags":[],"class_list":["post-69239","post","type-post","status-publish","format-standard","has-post-thumbnail","hentry","category-convocatorias"],"acf":[],"_links":{"self":[{"href":"https:\/\/vocesparalelas.com.ar\/sitio\/wp-json\/wp\/v2\/posts\/69239","targetHints":{"allow":["GET"]}}],"collection":[{"href":"https:\/\/vocesparalelas.com.ar\/sitio\/wp-json\/wp\/v2\/posts"}],"about":[{"href":"https:\/\/vocesparalelas.com.ar\/sitio\/wp-json\/wp\/v2\/types\/post"}],"author":[{"embeddable":true,"href":"https:\/\/vocesparalelas.com.ar\/sitio\/wp-json\/wp\/v2\/users\/3"}],"replies":[{"embeddable":true,"href":"https:\/\/vocesparalelas.com.ar\/sitio\/wp-json\/wp\/v2\/comments?post=69239"}],"version-history":[{"count":1,"href":"https:\/\/vocesparalelas.com.ar\/sitio\/wp-json\/wp\/v2\/posts\/69239\/revisions"}],"predecessor-version":[{"id":69242,"href":"https:\/\/vocesparalelas.com.ar\/sitio\/wp-json\/wp\/v2\/posts\/69239\/revisions\/69242"}],"wp:featuredmedia":[{"embeddable":true,"href":"https:\/\/vocesparalelas.com.ar\/sitio\/wp-json\/wp\/v2\/media\/37170"}],"wp:attachment":[{"href":"https:\/\/vocesparalelas.com.ar\/sitio\/wp-json\/wp\/v2\/media?parent=69239"}],"wp:term":[{"taxonomy":"category","embeddable":true,"href":"https:\/\/vocesparalelas.com.ar\/sitio\/wp-json\/wp\/v2\/categories?post=69239"},{"taxonomy":"post_tag","embeddable":true,"href":"https:\/\/vocesparalelas.com.ar\/sitio\/wp-json\/wp\/v2\/tags?post=69239"}],"curies":[{"name":"wp","href":"https:\/\/api.w.org\/{rel}","templated":true}]}}