{"id":69226,"date":"2024-02-14T10:51:39","date_gmt":"2024-02-14T13:51:39","guid":{"rendered":"https:\/\/vocesparalelas.com.ar\/sitio\/?p=69226"},"modified":"2024-02-16T00:11:31","modified_gmt":"2024-02-16T03:11:31","slug":"canasta-escolar-con-un-40-de-descuento-con-billetera-san-juan-y-3-cuotas-sin-interes","status":"publish","type":"post","link":"https:\/\/vocesparalelas.com.ar\/sitio\/canasta-escolar-con-un-40-de-descuento-con-billetera-san-juan-y-3-cuotas-sin-interes\/","title":{"rendered":"Canasta escolar con un 40% de descuento con Billetera San Juan y 3 cuotas sin inter\u00e9s"},"content":{"rendered":"<p>A poco menos de 3 semanas de iniciar el Ciclo\u00a0Lectivo 2024, desde el ministerio de Producci\u00f3n, Trabajo e Innovaci\u00f3n del Gobierno de San Juan informa que, a partir del Jueves, 15 de Febrero, se pueden comprar \u00fatiles, calzado y uniformes con descuentos y en cuotas.<\/p>\n<p>Por ello, el Ministerio de Producci\u00f3n, Trabajo e Innovaci\u00f3n, a trav\u00e9s de la secretar\u00eda de Industria, Comercio y Servicios informa lanza el programa \u201cJuntos a Clases\u201d por el cual se puede adquirir con Billetera San Juan, \u00fatiles escolares, guardapolvos, uniformes y calzados con un 40% de descuento.<\/p>\n<p>Adem\u00e1s, quienes cuenten con tarjeta de cr\u00e9dito otorgada por Banco San Juan pueden adquirir lo que necesiten sus hijos para el inicio de clases en 3 cuotas sin inter\u00e9s.<\/p>\n<p>\u201cEs una prioridad del gobierno de Marcelo Orrego, trabajar para estar cerca de las necesidades de la gente, sobre todo si se trata de la educaci\u00f3n que es uno de los pilares fundamentales del crecimiento\u201d, dijo el ministro CPN Gustavo Fern\u00e1ndez.<\/p>\n<p>A lo que el secretario de Industria, Comercio y Servicios a\u00f1adi\u00f3 que \u00aba estos beneficios, se suman en los pr\u00f3ximos d\u00edas,\u00a0 algunos productos que conforman la canasta escolar que tienen descuentos especiales en algunos comercios de San Juan\u00bb.<\/p>\n<p><img loading=\"lazy\" decoding=\"async\" class=\"alignnone size-full wp-image-65642\" src=\"https:\/\/vocesparalelas.com.ar\/sitio\/wp-content\/uploads\/2023\/11\/GOBIERNO-SAN-JUAN.jpg\" alt=\"\" width=\"800\" height=\"600\" srcset=\"https:\/\/vocesparalelas.com.ar\/sitio\/wp-content\/uploads\/2023\/11\/GOBIERNO-SAN-JUAN.jpg 800w, https:\/\/vocesparalelas.com.ar\/sitio\/wp-content\/uploads\/2023\/11\/GOBIERNO-SAN-JUAN-300x225.jpg 300w, https:\/\/vocesparalelas.com.ar\/sitio\/wp-content\/uploads\/2023\/11\/GOBIERNO-SAN-JUAN-768x576.jpg 768w\" sizes=\"auto, (max-width: 800px) 100vw, 800px\" \/><\/p>\n","protected":false},"excerpt":{"rendered":"<p>A poco menos de 3 semanas de iniciar el Ciclo\u00a0Lectivo 2024, desde el ministerio de Producci\u00f3n, Trabajo e Innovaci\u00f3n del<\/p>\n","protected":false},"author":3,"featured_media":18952,"comment_status":"closed","ping_status":"closed","sticky":false,"template":"","format":"standard","meta":{"_acf_changed":false,"_seopress_robots_primary_cat":"none","_seopress_titles_title":"","_seopress_titles_desc":"","_seopress_robots_index":"","colormag_page_container_layout":"default_layout","colormag_page_sidebar_layout":"default_layout","footnotes":""},"categories":[5],"tags":[],"class_list":["post-69226","post","type-post","status-publish","format-standard","has-post-thumbnail","hentry","category-ofrecimientos"],"acf":[],"_links":{"self":[{"href":"https:\/\/vocesparalelas.com.ar\/sitio\/wp-json\/wp\/v2\/posts\/69226","targetHints":{"allow":["GET"]}}],"collection":[{"href":"https:\/\/vocesparalelas.com.ar\/sitio\/wp-json\/wp\/v2\/posts"}],"about":[{"href":"https:\/\/vocesparalelas.com.ar\/sitio\/wp-json\/wp\/v2\/types\/post"}],"author":[{"embeddable":true,"href":"https:\/\/vocesparalelas.com.ar\/sitio\/wp-json\/wp\/v2\/users\/3"}],"replies":[{"embeddable":true,"href":"https:\/\/vocesparalelas.com.ar\/sitio\/wp-json\/wp\/v2\/comments?post=69226"}],"version-history":[{"count":3,"href":"https:\/\/vocesparalelas.com.ar\/sitio\/wp-json\/wp\/v2\/posts\/69226\/revisions"}],"predecessor-version":[{"id":69231,"href":"https:\/\/vocesparalelas.com.ar\/sitio\/wp-json\/wp\/v2\/posts\/69226\/revisions\/69231"}],"wp:featuredmedia":[{"embeddable":true,"href":"https:\/\/vocesparalelas.com.ar\/sitio\/wp-json\/wp\/v2\/media\/18952"}],"wp:attachment":[{"href":"https:\/\/vocesparalelas.com.ar\/sitio\/wp-json\/wp\/v2\/media?parent=69226"}],"wp:term":[{"taxonomy":"category","embeddable":true,"href":"https:\/\/vocesparalelas.com.ar\/sitio\/wp-json\/wp\/v2\/categories?post=69226"},{"taxonomy":"post_tag","embeddable":true,"href":"https:\/\/vocesparalelas.com.ar\/sitio\/wp-json\/wp\/v2\/tags?post=69226"}],"curies":[{"name":"wp","href":"https:\/\/api.w.org\/{rel}","templated":true}]}}