{"id":69212,"date":"2024-02-13T20:58:03","date_gmt":"2024-02-13T23:58:03","guid":{"rendered":"https:\/\/vocesparalelas.com.ar\/sitio\/?p=69212"},"modified":"2024-02-14T01:04:08","modified_gmt":"2024-02-14T04:04:08","slug":"se-instauro-el-busto-de-bernardo-ohiggins-en-el-206-aniversario-de-la-independencia-de-la-republica-de-chile-en-san-juan","status":"publish","type":"post","link":"https:\/\/vocesparalelas.com.ar\/sitio\/se-instauro-el-busto-de-bernardo-ohiggins-en-el-206-aniversario-de-la-independencia-de-la-republica-de-chile-en-san-juan\/","title":{"rendered":"Se instaur\u00f3 el busto de Bernardo O\u2019Higgins en el 206\u00b0 Aniversario de la Independencia de la Rep\u00fablica de Chile en San Juan"},"content":{"rendered":"<p>Por\u00a0Ra\u00fal Bustamante Flores*<\/p>\n<p>Se llev\u00f3 a cabo \u00a0en las instalaciones de la Asociaci\u00f3n Sanmartiniana de San Juan, la celebraci\u00f3n del 206 Aniversario de la Independencia de la Rep\u00fablica de Chile, en la ocasi\u00f3n se instauro el busto de Bernardo O\u2019Higgins, pr\u00f3cer chileno,\u00a0 que a un a\u00f1o de la victoria del Ejercito Libertador sobre las tropas realistas en Chacabuco, declara la Independencia de su pa\u00eds, el 12 de febrero de 1818.<\/p>\n<p>El acto cont\u00f3 con la presencia de autoridades militares y civiles de Chile y Argentina entre quienes destacamos el Coronel Luis Sagas D\u00edaz y su escolta como Agregado Militar de Chile en Argentina, el Jefe del RIM 22 Teniente Coronel Gast\u00f3n Patera, la Banda Militar Tambolar, la ministra de Gobierno de San Juan, Dra. Laura Palma, el Ministro de Turismo, Cultura y Deporte, Dr. Guido Romero, Diputado Provincial Arq. Horacio Quiroga, C\u00f3nsul de Chile en Mendoza David Quiroga Hinojosa, Autoridades Municipales de Capital y Rivadavia, Presidente Asociaci\u00f3n Sanmartiniana Dr. Miguel \u00c1ngel Licciardi quien junto al Presidente del Instituto Cultural Argentino Chileno ICACHI Ra\u00fal Bustamante Flores organizaron el acto.<\/p>\n<p>Entre las palabras de los oradores, se procedi\u00f3 a descubrir el busto del General Bernardo O\u2019Higgins, participando del mismo las autoridades presentes.<\/p>\n<p>Cabe destacar que la obra realizada en la Ciudad de La Plata, Provincia de Buenos Aires, fue financiada por la Agregadur\u00eda Militar con sede en la Embajada de Chile y el Regimiento 21 \u201cCoquimbo\u201d de la Regi\u00f3n hom\u00f3nima de Chile y gestionada por ICACHI con el valioso apoyo del Diputado Arq. Horacio Quiroga, empresas locales y los socios del Instituto.<\/p>\n<p>Se cumple de este modo un gran anhelo de los chilenos residentes en San Juan,\u00a0 quienes pueden celebrar sus fechas patrias en el sitio tan honor\u00edfico, \u00a0gracias a la hospitalidad de la Asociaci\u00f3n Sanmartiniana en la Celda de San Mart\u00edn.<\/p>\n<p>*Presidente del Instituto Cultural Argentino Chileno &#8211; ICACHI &#8211; San Juan<\/p>\n<p>&nbsp;<\/p>\n","protected":false},"excerpt":{"rendered":"<p>Por\u00a0Ra\u00fal Bustamante Flores* Se llev\u00f3 a cabo \u00a0en las instalaciones de la Asociaci\u00f3n Sanmartiniana de San Juan, la celebraci\u00f3n del<\/p>\n","protected":false},"author":3,"featured_media":69215,"comment_status":"closed","ping_status":"closed","sticky":false,"template":"","format":"standard","meta":{"_acf_changed":false,"_seopress_robots_primary_cat":"none","_seopress_titles_title":"","_seopress_titles_desc":"","_seopress_robots_index":"","colormag_page_container_layout":"default_layout","colormag_page_sidebar_layout":"default_layout","footnotes":""},"categories":[1],"tags":[],"class_list":["post-69212","post","type-post","status-publish","format-standard","has-post-thumbnail","hentry","category-destacadas"],"acf":[],"_links":{"self":[{"href":"https:\/\/vocesparalelas.com.ar\/sitio\/wp-json\/wp\/v2\/posts\/69212","targetHints":{"allow":["GET"]}}],"collection":[{"href":"https:\/\/vocesparalelas.com.ar\/sitio\/wp-json\/wp\/v2\/posts"}],"about":[{"href":"https:\/\/vocesparalelas.com.ar\/sitio\/wp-json\/wp\/v2\/types\/post"}],"author":[{"embeddable":true,"href":"https:\/\/vocesparalelas.com.ar\/sitio\/wp-json\/wp\/v2\/users\/3"}],"replies":[{"embeddable":true,"href":"https:\/\/vocesparalelas.com.ar\/sitio\/wp-json\/wp\/v2\/comments?post=69212"}],"version-history":[{"count":3,"href":"https:\/\/vocesparalelas.com.ar\/sitio\/wp-json\/wp\/v2\/posts\/69212\/revisions"}],"predecessor-version":[{"id":69218,"href":"https:\/\/vocesparalelas.com.ar\/sitio\/wp-json\/wp\/v2\/posts\/69212\/revisions\/69218"}],"wp:featuredmedia":[{"embeddable":true,"href":"https:\/\/vocesparalelas.com.ar\/sitio\/wp-json\/wp\/v2\/media\/69215"}],"wp:attachment":[{"href":"https:\/\/vocesparalelas.com.ar\/sitio\/wp-json\/wp\/v2\/media?parent=69212"}],"wp:term":[{"taxonomy":"category","embeddable":true,"href":"https:\/\/vocesparalelas.com.ar\/sitio\/wp-json\/wp\/v2\/categories?post=69212"},{"taxonomy":"post_tag","embeddable":true,"href":"https:\/\/vocesparalelas.com.ar\/sitio\/wp-json\/wp\/v2\/tags?post=69212"}],"curies":[{"name":"wp","href":"https:\/\/api.w.org\/{rel}","templated":true}]}}