{"id":69178,"date":"2024-02-11T13:07:02","date_gmt":"2024-02-11T16:07:02","guid":{"rendered":"https:\/\/vocesparalelas.com.ar\/sitio\/?p=69178"},"modified":"2024-02-11T13:11:11","modified_gmt":"2024-02-11T16:11:11","slug":"xxii-edicion-de-la-fiesta-nacional-de-destrezas-criollas-y-folklore","status":"publish","type":"post","link":"https:\/\/vocesparalelas.com.ar\/sitio\/xxii-edicion-de-la-fiesta-nacional-de-destrezas-criollas-y-folklore\/","title":{"rendered":"XXII edici\u00f3n de la Fiesta Nacional de Destrezas Criollas y Folklore"},"content":{"rendered":"<p>El gobernador de San Juan, Dr. Marcelo Orrego particip\u00f3 de la apertura de la XXII edici\u00f3n de la Fiesta Nacional de Destrezas Criollas y Folklore, en el Predio Gaucho Jos\u00e9 Dolores, Localidad M\u00e9dano de Oro, Departamento Rawson.<\/p>\n<p>El mandatario provincial estuvo acompa\u00f1ado por el\u00a0 presidente de la Federaci\u00f3n Gaucha Sanjuanina, Sergio Gonz\u00e1lez;\u00a0 el presidente Confederaci\u00f3n Gaucha Argentina, Daniel Rojas; y los intendentes de la Municipalidad de Rawson, Dr. Carlos Munizaga y de la Municipalidad de Rivadavia, Sergio Miodowsky.<\/p>\n<p>En su recorrida, el gobernador Dr. Marcelo Orrego, destac\u00f3 que \u00abla historia de la Fiesta Nacional y del predio en el M\u00e9dano de Oro es una forma de mantener la tradici\u00f3n Argentina. Adem\u00e1s, es muy importante participar para conservar las tradiciones y disfrutar en familia y amigos de jornadas como lo que significa la Fiesta\u00bb.<\/p>\n<p>\u00abEsta propuesta marca nuestra idiosincrasia, nuestra cultura y nuestra tradici\u00f3n. Hay m\u00e1s de 80 agrupaciones gauchas que con su estirpe y trabajo nos hacen sentir orgullosos de formar parte de la Rep\u00fablica Argentina\u00bb.<\/p>\n<p><img loading=\"lazy\" decoding=\"async\" class=\"alignnone size-full wp-image-69182\" src=\"https:\/\/vocesparalelas.com.ar\/sitio\/wp-content\/uploads\/2024\/02\/RAWSON-ORREGO-01.jpg\" alt=\"\" width=\"800\" height=\"734\" srcset=\"https:\/\/vocesparalelas.com.ar\/sitio\/wp-content\/uploads\/2024\/02\/RAWSON-ORREGO-01.jpg 800w, https:\/\/vocesparalelas.com.ar\/sitio\/wp-content\/uploads\/2024\/02\/RAWSON-ORREGO-01-300x275.jpg 300w, https:\/\/vocesparalelas.com.ar\/sitio\/wp-content\/uploads\/2024\/02\/RAWSON-ORREGO-01-768x705.jpg 768w\" sizes=\"auto, (max-width: 800px) 100vw, 800px\" \/><\/p>\n<p>Cabe destacar que el Predio Gaucho Jos\u00e9 Dolores es nuevamente sede de la Fiesta organizada por la Agrupaci\u00f3n Gaucha Sanjuanina. A lo largo de las dos noches de doma y folklore participan cerca de 80 montas de diferentes agrupaciones con jinetes que realizan varias destrezas como tropillas entabladas y monta de petizo.<\/p>\n<p>Tanto el S\u00e1bado, 10 y el Domingo, 11 de Febrero, se program\u00f3 shows en vivo. El s\u00e1bado, 10 de Febrero, subieron al escenario el Duo Herencia, Los Videla, Los Gajos de Pinono, Grito Mancero, un DJ en vivo y el cierre con Omega.<\/p>\n<p>Por su parte, el Domingo, 11 de Febrero, los encargados de hacer bailar al p\u00fablico son: Los Luceros de J\u00e1chal, Tr\u00edo Lo Barros, Arraigo, Carlos Ram\u00f3n Fern\u00e1ndez, \u00abEl Chacarero Cantor\u00bb, DJ Orca y el cierre con El Rey Juli\u00e1n.<\/p>\n<p><img loading=\"lazy\" decoding=\"async\" class=\"alignnone size-full wp-image-69185\" src=\"https:\/\/vocesparalelas.com.ar\/sitio\/wp-content\/uploads\/2024\/02\/RAWSON-GAUCHOS.jpg\" alt=\"\" width=\"800\" height=\"533\" srcset=\"https:\/\/vocesparalelas.com.ar\/sitio\/wp-content\/uploads\/2024\/02\/RAWSON-GAUCHOS.jpg 800w, https:\/\/vocesparalelas.com.ar\/sitio\/wp-content\/uploads\/2024\/02\/RAWSON-GAUCHOS-300x200.jpg 300w, https:\/\/vocesparalelas.com.ar\/sitio\/wp-content\/uploads\/2024\/02\/RAWSON-GAUCHOS-768x512.jpg 768w\" sizes=\"auto, (max-width: 800px) 100vw, 800px\" \/><\/p>\n<p>&nbsp;<\/p>\n<p><img loading=\"lazy\" decoding=\"async\" class=\"alignnone size-full wp-image-67149\" src=\"https:\/\/vocesparalelas.com.ar\/sitio\/wp-content\/uploads\/2023\/12\/RAWSON-LOGO-NUEVO.jpg\" alt=\"\" width=\"800\" height=\"533\" srcset=\"https:\/\/vocesparalelas.com.ar\/sitio\/wp-content\/uploads\/2023\/12\/RAWSON-LOGO-NUEVO.jpg 800w, https:\/\/vocesparalelas.com.ar\/sitio\/wp-content\/uploads\/2023\/12\/RAWSON-LOGO-NUEVO-300x200.jpg 300w, https:\/\/vocesparalelas.com.ar\/sitio\/wp-content\/uploads\/2023\/12\/RAWSON-LOGO-NUEVO-768x512.jpg 768w\" sizes=\"auto, (max-width: 800px) 100vw, 800px\" \/><\/p>\n","protected":false},"excerpt":{"rendered":"<p>El gobernador de San Juan, Dr. Marcelo Orrego particip\u00f3 de la apertura de la XXII edici\u00f3n de la Fiesta Nacional<\/p>\n","protected":false},"author":3,"featured_media":69181,"comment_status":"closed","ping_status":"closed","sticky":false,"template":"","format":"standard","meta":{"_acf_changed":false,"_seopress_robots_primary_cat":"none","_seopress_titles_title":"","_seopress_titles_desc":"","_seopress_robots_index":"","colormag_page_container_layout":"default_layout","colormag_page_sidebar_layout":"default_layout","footnotes":""},"categories":[1],"tags":[],"class_list":["post-69178","post","type-post","status-publish","format-standard","has-post-thumbnail","hentry","category-destacadas"],"acf":[],"_links":{"self":[{"href":"https:\/\/vocesparalelas.com.ar\/sitio\/wp-json\/wp\/v2\/posts\/69178","targetHints":{"allow":["GET"]}}],"collection":[{"href":"https:\/\/vocesparalelas.com.ar\/sitio\/wp-json\/wp\/v2\/posts"}],"about":[{"href":"https:\/\/vocesparalelas.com.ar\/sitio\/wp-json\/wp\/v2\/types\/post"}],"author":[{"embeddable":true,"href":"https:\/\/vocesparalelas.com.ar\/sitio\/wp-json\/wp\/v2\/users\/3"}],"replies":[{"embeddable":true,"href":"https:\/\/vocesparalelas.com.ar\/sitio\/wp-json\/wp\/v2\/comments?post=69178"}],"version-history":[{"count":3,"href":"https:\/\/vocesparalelas.com.ar\/sitio\/wp-json\/wp\/v2\/posts\/69178\/revisions"}],"predecessor-version":[{"id":69186,"href":"https:\/\/vocesparalelas.com.ar\/sitio\/wp-json\/wp\/v2\/posts\/69178\/revisions\/69186"}],"wp:featuredmedia":[{"embeddable":true,"href":"https:\/\/vocesparalelas.com.ar\/sitio\/wp-json\/wp\/v2\/media\/69181"}],"wp:attachment":[{"href":"https:\/\/vocesparalelas.com.ar\/sitio\/wp-json\/wp\/v2\/media?parent=69178"}],"wp:term":[{"taxonomy":"category","embeddable":true,"href":"https:\/\/vocesparalelas.com.ar\/sitio\/wp-json\/wp\/v2\/categories?post=69178"},{"taxonomy":"post_tag","embeddable":true,"href":"https:\/\/vocesparalelas.com.ar\/sitio\/wp-json\/wp\/v2\/tags?post=69178"}],"curies":[{"name":"wp","href":"https:\/\/api.w.org\/{rel}","templated":true}]}}