{"id":69174,"date":"2024-02-11T12:50:23","date_gmt":"2024-02-11T15:50:23","guid":{"rendered":"https:\/\/vocesparalelas.com.ar\/sitio\/?p=69174"},"modified":"2024-02-11T12:50:23","modified_gmt":"2024-02-11T15:50:23","slug":"se-afecta-el-servicio-de-agua-potable-en-zona-de-la-localidad-de-marquesado","status":"publish","type":"post","link":"https:\/\/vocesparalelas.com.ar\/sitio\/se-afecta-el-servicio-de-agua-potable-en-zona-de-la-localidad-de-marquesado\/","title":{"rendered":"Se afecta el servicio de agua potable en zona de la Localidad de Marquesado"},"content":{"rendered":"<p>El Lunes, 12 de Febrero de 2024, se afecta el servicio de agua potable en el Barrio Nuevo Horizonte, Sector Noroeste de La Bebida, en Mor\u00f3n, Av Libertador entre Pellegrini y Mor\u00f3n, Barrio RIM 22 y zonas aleda\u00f1as.<\/p>\n<p>Por ello, OSSE informa a los vecinos de la zona afectada que el personal del Departamento de Mantenimiento y Sistema Independientes detectaron desperfectos en los flotantes de la cisterna del sistema hidroneum\u00e1tico de Marquesado alto, por lo que se programaron inmediatamente las maniobras de reparaci\u00f3n y reposici\u00f3n de los flotantes.<\/p>\n<p>Mientras duren las tareas las zonas mencionadas no tienen el servicio de agua potable, por lo que se aconseja reservar en recipientes para el consumo humano.<\/p>\n<p>Se solicita, cuidar la reserva del tanque domiciliario, priorizando el consumo de agua potable para actividades b\u00e1sicas de higiene, bebida y alimentaci\u00f3n; y recordar que las reservas domiciliarias permiten afrontar eventos de estas caracter\u00edsticas por m\u00e1s de 24 horas, siempre que se haga un uso racional del agua.<\/p>\n<p><strong><span style=\"color: #0000ff;\">Consultas con OSSE<\/span><\/strong><\/p>\n<ul>\n<li>Por WhatsApp 264 506 4444 solamente texto<\/li>\n<li>Por l\u00ednea telef\u00f3nica gratuita: 0800-222-6773<\/li>\n<li>Sitio web de OSSE \/ contacto.<\/li>\n<li>Facebook<\/li>\n<li>Instagram<\/li>\n<\/ul>\n<p>&nbsp;<\/p>\n<p><img loading=\"lazy\" decoding=\"async\" class=\"alignnone size-large wp-image-18050\" src=\"https:\/\/vocesparalelas.com.ar\/sitio\/wp-content\/uploads\/2019\/01\/OSSE-LOGO-800x503.jpg\" alt=\"\" width=\"800\" height=\"503\" srcset=\"https:\/\/vocesparalelas.com.ar\/sitio\/wp-content\/uploads\/2019\/01\/OSSE-LOGO-800x503.jpg 800w, https:\/\/vocesparalelas.com.ar\/sitio\/wp-content\/uploads\/2019\/01\/OSSE-LOGO-300x189.jpg 300w, https:\/\/vocesparalelas.com.ar\/sitio\/wp-content\/uploads\/2019\/01\/OSSE-LOGO-768x483.jpg 768w, https:\/\/vocesparalelas.com.ar\/sitio\/wp-content\/uploads\/2019\/01\/OSSE-LOGO.jpg 1000w\" sizes=\"auto, (max-width: 800px) 100vw, 800px\" \/><\/p>\n","protected":false},"excerpt":{"rendered":"<p>El Lunes, 12 de Febrero de 2024, se afecta el servicio de agua potable en el Barrio Nuevo Horizonte, Sector<\/p>\n","protected":false},"author":3,"featured_media":32622,"comment_status":"closed","ping_status":"closed","sticky":false,"template":"","format":"standard","meta":{"_acf_changed":false,"_seopress_robots_primary_cat":"none","_seopress_titles_title":"","_seopress_titles_desc":"","_seopress_robots_index":"","colormag_page_container_layout":"default_layout","colormag_page_sidebar_layout":"default_layout","footnotes":""},"categories":[1],"tags":[],"class_list":["post-69174","post","type-post","status-publish","format-standard","has-post-thumbnail","hentry","category-destacadas"],"acf":[],"_links":{"self":[{"href":"https:\/\/vocesparalelas.com.ar\/sitio\/wp-json\/wp\/v2\/posts\/69174","targetHints":{"allow":["GET"]}}],"collection":[{"href":"https:\/\/vocesparalelas.com.ar\/sitio\/wp-json\/wp\/v2\/posts"}],"about":[{"href":"https:\/\/vocesparalelas.com.ar\/sitio\/wp-json\/wp\/v2\/types\/post"}],"author":[{"embeddable":true,"href":"https:\/\/vocesparalelas.com.ar\/sitio\/wp-json\/wp\/v2\/users\/3"}],"replies":[{"embeddable":true,"href":"https:\/\/vocesparalelas.com.ar\/sitio\/wp-json\/wp\/v2\/comments?post=69174"}],"version-history":[{"count":1,"href":"https:\/\/vocesparalelas.com.ar\/sitio\/wp-json\/wp\/v2\/posts\/69174\/revisions"}],"predecessor-version":[{"id":69177,"href":"https:\/\/vocesparalelas.com.ar\/sitio\/wp-json\/wp\/v2\/posts\/69174\/revisions\/69177"}],"wp:featuredmedia":[{"embeddable":true,"href":"https:\/\/vocesparalelas.com.ar\/sitio\/wp-json\/wp\/v2\/media\/32622"}],"wp:attachment":[{"href":"https:\/\/vocesparalelas.com.ar\/sitio\/wp-json\/wp\/v2\/media?parent=69174"}],"wp:term":[{"taxonomy":"category","embeddable":true,"href":"https:\/\/vocesparalelas.com.ar\/sitio\/wp-json\/wp\/v2\/categories?post=69174"},{"taxonomy":"post_tag","embeddable":true,"href":"https:\/\/vocesparalelas.com.ar\/sitio\/wp-json\/wp\/v2\/tags?post=69174"}],"curies":[{"name":"wp","href":"https:\/\/api.w.org\/{rel}","templated":true}]}}