{"id":69158,"date":"2024-02-12T20:14:29","date_gmt":"2024-02-12T23:14:29","guid":{"rendered":"https:\/\/vocesparalelas.com.ar\/sitio\/?p=69158"},"modified":"2024-02-16T21:58:43","modified_gmt":"2024-02-17T00:58:43","slug":"acto-del-natalicio-del-gran-maestro-de-america-domingo-faustino-sarmiento","status":"publish","type":"post","link":"https:\/\/vocesparalelas.com.ar\/sitio\/acto-del-natalicio-del-gran-maestro-de-america-domingo-faustino-sarmiento\/","title":{"rendered":"Acto del natalicio del Gran Maestro de Am\u00e9rica Domingo Faustino Sarmiento"},"content":{"rendered":"<p>El Jueves, 15 de Febrero, a las 19 hs.; en el Museo y Biblioteca de la Casa Natal de Domingo Faustino Sarmiento se realiza el acto oficial del Gobierno de San Juan en el\u00a0natalicio del Gran Maestro de Am\u00e9rica, al cumplirse el 150 aniversario de la culminaci\u00f3n de su legado como Presidente de la Naci\u00f3n Argentina 1868-1874.<\/p>\n<p>Adem\u00e1s, se inaugura la exposici\u00f3n temporaria \u00abArte y labores de la Casa\u00bb. Tareas del Museo. Tras las huellas del paso del tiempo.<\/p>\n<figure id=\"attachment_63370\" aria-describedby=\"caption-attachment-63370\" style=\"width: 800px\" class=\"wp-caption alignnone\"><img loading=\"lazy\" decoding=\"async\" class=\"size-full wp-image-63370\" src=\"https:\/\/vocesparalelas.com.ar\/sitio\/wp-content\/uploads\/2023\/09\/RUBRICA-SARMIENTO.jpg\" alt=\"\" width=\"800\" height=\"628\" srcset=\"https:\/\/vocesparalelas.com.ar\/sitio\/wp-content\/uploads\/2023\/09\/RUBRICA-SARMIENTO.jpg 800w, https:\/\/vocesparalelas.com.ar\/sitio\/wp-content\/uploads\/2023\/09\/RUBRICA-SARMIENTO-300x236.jpg 300w, https:\/\/vocesparalelas.com.ar\/sitio\/wp-content\/uploads\/2023\/09\/RUBRICA-SARMIENTO-768x603.jpg 768w\" sizes=\"auto, (max-width: 800px) 100vw, 800px\" \/><figcaption id=\"caption-attachment-63370\" class=\"wp-caption-text\">R\u00fabrica de Domingo Faustino Sarmiento<\/figcaption><\/figure>\n<p><img loading=\"lazy\" decoding=\"async\" class=\"alignnone size-full wp-image-41747\" src=\"https:\/\/vocesparalelas.com.ar\/sitio\/wp-content\/uploads\/2021\/09\/CASA-SARMIENTO-FRENTE-02.jpg\" alt=\"\" width=\"800\" height=\"533\" srcset=\"https:\/\/vocesparalelas.com.ar\/sitio\/wp-content\/uploads\/2021\/09\/CASA-SARMIENTO-FRENTE-02.jpg 800w, https:\/\/vocesparalelas.com.ar\/sitio\/wp-content\/uploads\/2021\/09\/CASA-SARMIENTO-FRENTE-02-300x200.jpg 300w, https:\/\/vocesparalelas.com.ar\/sitio\/wp-content\/uploads\/2021\/09\/CASA-SARMIENTO-FRENTE-02-768x512.jpg 768w\" sizes=\"auto, (max-width: 800px) 100vw, 800px\" \/><\/p>\n","protected":false},"excerpt":{"rendered":"<p>El Jueves, 15 de Febrero, a las 19 hs.; en el Museo y Biblioteca de la Casa Natal de Domingo<\/p>\n","protected":false},"author":3,"featured_media":52452,"comment_status":"closed","ping_status":"closed","sticky":false,"template":"","format":"standard","meta":{"_acf_changed":false,"_seopress_robots_primary_cat":"none","_seopress_titles_title":"","_seopress_titles_desc":"","_seopress_robots_index":"","colormag_page_container_layout":"default_layout","colormag_page_sidebar_layout":"default_layout","footnotes":""},"categories":[1],"tags":[],"class_list":["post-69158","post","type-post","status-publish","format-standard","has-post-thumbnail","hentry","category-destacadas"],"acf":[],"_links":{"self":[{"href":"https:\/\/vocesparalelas.com.ar\/sitio\/wp-json\/wp\/v2\/posts\/69158","targetHints":{"allow":["GET"]}}],"collection":[{"href":"https:\/\/vocesparalelas.com.ar\/sitio\/wp-json\/wp\/v2\/posts"}],"about":[{"href":"https:\/\/vocesparalelas.com.ar\/sitio\/wp-json\/wp\/v2\/types\/post"}],"author":[{"embeddable":true,"href":"https:\/\/vocesparalelas.com.ar\/sitio\/wp-json\/wp\/v2\/users\/3"}],"replies":[{"embeddable":true,"href":"https:\/\/vocesparalelas.com.ar\/sitio\/wp-json\/wp\/v2\/comments?post=69158"}],"version-history":[{"count":1,"href":"https:\/\/vocesparalelas.com.ar\/sitio\/wp-json\/wp\/v2\/posts\/69158\/revisions"}],"predecessor-version":[{"id":69161,"href":"https:\/\/vocesparalelas.com.ar\/sitio\/wp-json\/wp\/v2\/posts\/69158\/revisions\/69161"}],"wp:featuredmedia":[{"embeddable":true,"href":"https:\/\/vocesparalelas.com.ar\/sitio\/wp-json\/wp\/v2\/media\/52452"}],"wp:attachment":[{"href":"https:\/\/vocesparalelas.com.ar\/sitio\/wp-json\/wp\/v2\/media?parent=69158"}],"wp:term":[{"taxonomy":"category","embeddable":true,"href":"https:\/\/vocesparalelas.com.ar\/sitio\/wp-json\/wp\/v2\/categories?post=69158"},{"taxonomy":"post_tag","embeddable":true,"href":"https:\/\/vocesparalelas.com.ar\/sitio\/wp-json\/wp\/v2\/tags?post=69158"}],"curies":[{"name":"wp","href":"https:\/\/api.w.org\/{rel}","templated":true}]}}