{"id":69146,"date":"2024-02-10T10:58:51","date_gmt":"2024-02-10T13:58:51","guid":{"rendered":"https:\/\/vocesparalelas.com.ar\/sitio\/?p=69146"},"modified":"2024-02-11T13:09:13","modified_gmt":"2024-02-11T16:09:13","slug":"taller-inicial-de-canto-modalidad-grupal-en-san-juan","status":"publish","type":"post","link":"https:\/\/vocesparalelas.com.ar\/sitio\/taller-inicial-de-canto-modalidad-grupal-en-san-juan\/","title":{"rendered":"Taller Inicial de Canto Modalidad Grupal en San Juan"},"content":{"rendered":"<p>Los Jueves, de 19 a 20:30 hs.; en el Espacio en Movimiento, Tucum\u00e1n 123 &#8211; N &#8211; Capital, se desarrolla el Taller Inicial de Canto, Modalidad Grupal, a cargo del Docente Fabricio Montilla<\/p>\n<p><strong><span style=\"color: #ff6600;\">Destinatarios<\/span><\/strong><\/p>\n<ul>\n<li>Adolescentes,<\/li>\n<li>J\u00f3venes y<\/li>\n<li>Adultos<\/li>\n<li>No es necesaria la experiencia previa<\/li>\n<\/ul>\n<p><span style=\"color: #ff6600;\"><strong>Objetivo<\/strong><\/span><\/p>\n<p>El taller tiene como finalidad brindar a los participantes un entrenamiento vocal que les permita descubrir y explotar todo el potencial de su voz como medio de expresi\u00f3n musical.<\/p>\n<p><span style=\"color: #ff6600;\"><strong>Informes e inscripciones<\/strong><\/span><\/p>\n<p><a href=\"mailto:montilla.fabricio@gmail.com\">montilla.fabricio@gmail.com<\/a><\/p>\n<p>o al 264 4545009<\/p>\n<p><span style=\"color: #ff6600;\"><strong>Arancel Mensual<\/strong><\/span><\/p>\n<p>$10.000<\/p>\n<p><strong><span style=\"color: #ff6600;\">Duraci\u00f3n<\/span><\/strong><\/p>\n<p>Comienza el\u00a0 7 de Marzo y finaliza 27 de Junio de 2024<\/p>\n<p>El \u00faltimo encuentro es una clase abierta, donde los participantes presentan las canciones ensayadas en grupo, ante un peque\u00f1o p\u00fablico.<\/p>\n<p><strong><span style=\"color: #ff6600;\">Docente Fabricio Montilla<\/span><\/strong><\/p>\n<p>Es M\u00fasicoterapeuta egresado de la Universidad de Buenos Aires.<\/p>\n<p>&nbsp;<\/p>\n<p>&nbsp;<\/p>\n","protected":false},"excerpt":{"rendered":"<p>Los Jueves, de 19 a 20:30 hs.; en el Espacio en Movimiento, Tucum\u00e1n 123 &#8211; N &#8211; Capital, se desarrolla<\/p>\n","protected":false},"author":3,"featured_media":40103,"comment_status":"closed","ping_status":"closed","sticky":false,"template":"","format":"standard","meta":{"_acf_changed":false,"_seopress_robots_primary_cat":"none","_seopress_titles_title":"","_seopress_titles_desc":"","_seopress_robots_index":"","colormag_page_container_layout":"default_layout","colormag_page_sidebar_layout":"default_layout","footnotes":""},"categories":[9],"tags":[],"class_list":["post-69146","post","type-post","status-publish","format-standard","has-post-thumbnail","hentry","category-cursos"],"acf":[],"_links":{"self":[{"href":"https:\/\/vocesparalelas.com.ar\/sitio\/wp-json\/wp\/v2\/posts\/69146","targetHints":{"allow":["GET"]}}],"collection":[{"href":"https:\/\/vocesparalelas.com.ar\/sitio\/wp-json\/wp\/v2\/posts"}],"about":[{"href":"https:\/\/vocesparalelas.com.ar\/sitio\/wp-json\/wp\/v2\/types\/post"}],"author":[{"embeddable":true,"href":"https:\/\/vocesparalelas.com.ar\/sitio\/wp-json\/wp\/v2\/users\/3"}],"replies":[{"embeddable":true,"href":"https:\/\/vocesparalelas.com.ar\/sitio\/wp-json\/wp\/v2\/comments?post=69146"}],"version-history":[{"count":1,"href":"https:\/\/vocesparalelas.com.ar\/sitio\/wp-json\/wp\/v2\/posts\/69146\/revisions"}],"predecessor-version":[{"id":69149,"href":"https:\/\/vocesparalelas.com.ar\/sitio\/wp-json\/wp\/v2\/posts\/69146\/revisions\/69149"}],"wp:featuredmedia":[{"embeddable":true,"href":"https:\/\/vocesparalelas.com.ar\/sitio\/wp-json\/wp\/v2\/media\/40103"}],"wp:attachment":[{"href":"https:\/\/vocesparalelas.com.ar\/sitio\/wp-json\/wp\/v2\/media?parent=69146"}],"wp:term":[{"taxonomy":"category","embeddable":true,"href":"https:\/\/vocesparalelas.com.ar\/sitio\/wp-json\/wp\/v2\/categories?post=69146"},{"taxonomy":"post_tag","embeddable":true,"href":"https:\/\/vocesparalelas.com.ar\/sitio\/wp-json\/wp\/v2\/tags?post=69146"}],"curies":[{"name":"wp","href":"https:\/\/api.w.org\/{rel}","templated":true}]}}