{"id":69142,"date":"2024-02-10T10:06:59","date_gmt":"2024-02-10T13:06:59","guid":{"rendered":"https:\/\/vocesparalelas.com.ar\/sitio\/?p=69142"},"modified":"2024-02-10T10:06:59","modified_gmt":"2024-02-10T13:06:59","slug":"comunicado-de-uta-republica-argentina-con-sentido-de-gran-preocupacion-por-el-futuro-del-transporte","status":"publish","type":"post","link":"https:\/\/vocesparalelas.com.ar\/sitio\/comunicado-de-uta-republica-argentina-con-sentido-de-gran-preocupacion-por-el-futuro-del-transporte\/","title":{"rendered":"Comunicado de UTA Rep\u00fablica Argentina con sentido de gran preocupaci\u00f3n por el futuro del Transporte"},"content":{"rendered":"<p>En atenci\u00f3n a las recientes medidas anunciadas por el Gobierno Nacional respecto a la pol\u00edtica de subsidios y tarifas del servicio p\u00fablico del autotransporte urbano de pasajeros, tanto el que se presta en la regi\u00f3n del \u00c1rea Metropolitana de Buenos Aires &#8211; AMBA &#8211; como as\u00ed tambi\u00e9n del que se desarrolla en las distintas jurisdicciones provinciales y comunales del pa\u00eds.<\/p>\n<p>Por ello, la UNI\u00d3N TRANVIARIOS AUTOMOTOR DE LA REP\u00daBLICA ARGENTINA manifiesta lo siguiente:<\/p>\n<p>Es responsabilidad exclusiva de las autoridades la determinaci\u00f3n de las pol\u00edticas p\u00fablicas en materia de transporte de pasajeros ya que la actividad, en nuestro pa\u00eds, se encuentra regulada como un servicio p\u00fablico. Por ese mismo motivo depende de las decisiones del los Organismos del Estado la determinaci\u00f3n de los ingresos de las empresas prestadoras necesarios para afrontar los costos de operaci\u00f3n, ya sea tanto a trav\u00e9s de las tarifas como de los subsidios.<\/p>\n<p>Frente a un escenario de quita de subsidios luego de varios a\u00f1os de su implementaci\u00f3n, no podemos sino manifestar nuestra profunda preocupaci\u00f3n por las posibles consecuencias que generar\u00e1 dicha medida sobre el desenvolvimiento de la actividad y su repercusi\u00f3n sobre la fuente de empleo de los m\u00e1s de 80.000 compa\u00f1eros trabajadores.<\/p>\n<p>Instamos a las autoridades nacionales y provinciales a asegurar las condiciones que permitan la continuidad del servicio p\u00fablico en todo el pa\u00eds, advirtiendo que la suba de las tarifas debe encontrar equidad y proporcionalidad con los ingresos de los trabajadores y sectores m\u00e1s vulnerables que son los principales usuarios del transporte urbano de pasajeros. De no tenerse en cuenta esto, resultar\u00e1 insuficiente el sostenimiento del beneficio del Atributo Social, medida que compartimos y que confiamos no ser\u00e1 alterada o distorsionada por decisiones pol\u00edticas econ\u00f3micas.<\/p>\n<p>Estamos convencidos que es con la participaci\u00f3n de todos los actores -Gobiernos, trabajadores y empresas- que se deben encontrar las soluciones a la crisis que envuelve al sector del transporte automotor de pasajeros, decisiones unilaterales o apresuradas solo conducir\u00e1n a una profundizaci\u00f3n de la misma.<\/p>\n<p>&nbsp;<\/p>\n<p style=\"text-align: right;\">Roberto Carlos Fern\u00e1ndez<\/p>\n<p style=\"text-align: right;\">Secretario General<\/p>\n<p style=\"text-align: right;\">Consejo Directivo Nacional<\/p>\n<p>&nbsp;<\/p>\n<p><img loading=\"lazy\" decoding=\"async\" class=\"alignnone size-full wp-image-48168\" src=\"https:\/\/vocesparalelas.com.ar\/sitio\/wp-content\/uploads\/2022\/04\/REDTULUM-REANUDA-02.jpg\" alt=\"\" width=\"800\" height=\"600\" srcset=\"https:\/\/vocesparalelas.com.ar\/sitio\/wp-content\/uploads\/2022\/04\/REDTULUM-REANUDA-02.jpg 800w, https:\/\/vocesparalelas.com.ar\/sitio\/wp-content\/uploads\/2022\/04\/REDTULUM-REANUDA-02-300x225.jpg 300w, https:\/\/vocesparalelas.com.ar\/sitio\/wp-content\/uploads\/2022\/04\/REDTULUM-REANUDA-02-768x576.jpg 768w\" sizes=\"auto, (max-width: 800px) 100vw, 800px\" \/><\/p>\n","protected":false},"excerpt":{"rendered":"<p>En atenci\u00f3n a las recientes medidas anunciadas por el Gobierno Nacional respecto a la pol\u00edtica de subsidios y tarifas del<\/p>\n","protected":false},"author":3,"featured_media":59582,"comment_status":"closed","ping_status":"closed","sticky":false,"template":"","format":"standard","meta":{"_acf_changed":false,"_seopress_robots_primary_cat":"none","_seopress_titles_title":"","_seopress_titles_desc":"","_seopress_robots_index":"","colormag_page_container_layout":"default_layout","colormag_page_sidebar_layout":"default_layout","footnotes":""},"categories":[1],"tags":[],"class_list":["post-69142","post","type-post","status-publish","format-standard","has-post-thumbnail","hentry","category-destacadas"],"acf":[],"_links":{"self":[{"href":"https:\/\/vocesparalelas.com.ar\/sitio\/wp-json\/wp\/v2\/posts\/69142","targetHints":{"allow":["GET"]}}],"collection":[{"href":"https:\/\/vocesparalelas.com.ar\/sitio\/wp-json\/wp\/v2\/posts"}],"about":[{"href":"https:\/\/vocesparalelas.com.ar\/sitio\/wp-json\/wp\/v2\/types\/post"}],"author":[{"embeddable":true,"href":"https:\/\/vocesparalelas.com.ar\/sitio\/wp-json\/wp\/v2\/users\/3"}],"replies":[{"embeddable":true,"href":"https:\/\/vocesparalelas.com.ar\/sitio\/wp-json\/wp\/v2\/comments?post=69142"}],"version-history":[{"count":1,"href":"https:\/\/vocesparalelas.com.ar\/sitio\/wp-json\/wp\/v2\/posts\/69142\/revisions"}],"predecessor-version":[{"id":69145,"href":"https:\/\/vocesparalelas.com.ar\/sitio\/wp-json\/wp\/v2\/posts\/69142\/revisions\/69145"}],"wp:featuredmedia":[{"embeddable":true,"href":"https:\/\/vocesparalelas.com.ar\/sitio\/wp-json\/wp\/v2\/media\/59582"}],"wp:attachment":[{"href":"https:\/\/vocesparalelas.com.ar\/sitio\/wp-json\/wp\/v2\/media?parent=69142"}],"wp:term":[{"taxonomy":"category","embeddable":true,"href":"https:\/\/vocesparalelas.com.ar\/sitio\/wp-json\/wp\/v2\/categories?post=69142"},{"taxonomy":"post_tag","embeddable":true,"href":"https:\/\/vocesparalelas.com.ar\/sitio\/wp-json\/wp\/v2\/tags?post=69142"}],"curies":[{"name":"wp","href":"https:\/\/api.w.org\/{rel}","templated":true}]}}