{"id":69073,"date":"2024-02-08T23:00:41","date_gmt":"2024-02-09T02:00:41","guid":{"rendered":"https:\/\/vocesparalelas.com.ar\/sitio\/?p=69073"},"modified":"2024-02-10T00:25:52","modified_gmt":"2024-02-10T03:25:52","slug":"aumento-de-las-tarifas-del-estacionamiento-controlado-eco","status":"publish","type":"post","link":"https:\/\/vocesparalelas.com.ar\/sitio\/aumento-de-las-tarifas-del-estacionamiento-controlado-eco\/","title":{"rendered":"Aumento de las tarifas del estacionamiento controlado ECO"},"content":{"rendered":"<p>Actualmente, en la Ciudad de San Juan, existen 3800 boxes de estacionamiento zonificados en tres tarifas distintas, lo que permite una variedad de opciones para los conductores que deseen estacionar en la v\u00eda p\u00fablica.<\/p>\n<p>Desde la Municipalidad de la Ciudad de San Juan se anuncia un aumento en las tarifas del estacionamiento controlado ECO, que rige el nuevo valor el Viernes, 9 de Febrero de 2024.<\/p>\n<p>Esta medida es fruto de un estudio que contempl\u00f3 los \u00edndices inflacionarios y la situaci\u00f3n actual de las tarifas que abonan quienes estacionan cotidianamente en la Ciudad.<\/p>\n<p>No obstante, las autoridades han optado por aplicar un aumento del 40 %, con el fin de no impactar bruscamente en el bolsillo de los vecinos.<\/p>\n<p>A pesar del aumento en las tarifas,\u00a0los usuarios que opten por utilizar la aplicaci\u00f3n m\u00f3vil de ECO para realizar el pago de su estacionamiento seguir\u00e1n benefici\u00e1ndose de descuentos, incentivando as\u00ed el uso de esta plataforma tecnol\u00f3gica que agiliza el proceso de pago y contribuye a reducir el uso de efectivo.<\/p>\n<p><img loading=\"lazy\" decoding=\"async\" class=\"alignnone size-full wp-image-67559\" src=\"https:\/\/vocesparalelas.com.ar\/sitio\/wp-content\/uploads\/2023\/12\/CAPITAL-SAN-JUAN-LOGO.png\" alt=\"\" width=\"800\" height=\"304\" srcset=\"https:\/\/vocesparalelas.com.ar\/sitio\/wp-content\/uploads\/2023\/12\/CAPITAL-SAN-JUAN-LOGO.png 800w, https:\/\/vocesparalelas.com.ar\/sitio\/wp-content\/uploads\/2023\/12\/CAPITAL-SAN-JUAN-LOGO-300x114.png 300w, https:\/\/vocesparalelas.com.ar\/sitio\/wp-content\/uploads\/2023\/12\/CAPITAL-SAN-JUAN-LOGO-768x292.png 768w\" sizes=\"auto, (max-width: 800px) 100vw, 800px\" \/><\/p>\n<p>&nbsp;<\/p>\n<p>&nbsp;<\/p>\n","protected":false},"excerpt":{"rendered":"<p>Actualmente, en la Ciudad de San Juan, existen 3800 boxes de estacionamiento zonificados en tres tarifas distintas, lo que permite<\/p>\n","protected":false},"author":3,"featured_media":2917,"comment_status":"closed","ping_status":"closed","sticky":false,"template":"","format":"standard","meta":{"_acf_changed":false,"_seopress_robots_primary_cat":"none","_seopress_titles_title":"","_seopress_titles_desc":"","_seopress_robots_index":"","colormag_page_container_layout":"default_layout","colormag_page_sidebar_layout":"default_layout","footnotes":""},"categories":[2],"tags":[],"class_list":["post-69073","post","type-post","status-publish","format-standard","has-post-thumbnail","hentry","category-convocatorias"],"acf":[],"_links":{"self":[{"href":"https:\/\/vocesparalelas.com.ar\/sitio\/wp-json\/wp\/v2\/posts\/69073","targetHints":{"allow":["GET"]}}],"collection":[{"href":"https:\/\/vocesparalelas.com.ar\/sitio\/wp-json\/wp\/v2\/posts"}],"about":[{"href":"https:\/\/vocesparalelas.com.ar\/sitio\/wp-json\/wp\/v2\/types\/post"}],"author":[{"embeddable":true,"href":"https:\/\/vocesparalelas.com.ar\/sitio\/wp-json\/wp\/v2\/users\/3"}],"replies":[{"embeddable":true,"href":"https:\/\/vocesparalelas.com.ar\/sitio\/wp-json\/wp\/v2\/comments?post=69073"}],"version-history":[{"count":1,"href":"https:\/\/vocesparalelas.com.ar\/sitio\/wp-json\/wp\/v2\/posts\/69073\/revisions"}],"predecessor-version":[{"id":69076,"href":"https:\/\/vocesparalelas.com.ar\/sitio\/wp-json\/wp\/v2\/posts\/69073\/revisions\/69076"}],"wp:featuredmedia":[{"embeddable":true,"href":"https:\/\/vocesparalelas.com.ar\/sitio\/wp-json\/wp\/v2\/media\/2917"}],"wp:attachment":[{"href":"https:\/\/vocesparalelas.com.ar\/sitio\/wp-json\/wp\/v2\/media?parent=69073"}],"wp:term":[{"taxonomy":"category","embeddable":true,"href":"https:\/\/vocesparalelas.com.ar\/sitio\/wp-json\/wp\/v2\/categories?post=69073"},{"taxonomy":"post_tag","embeddable":true,"href":"https:\/\/vocesparalelas.com.ar\/sitio\/wp-json\/wp\/v2\/tags?post=69073"}],"curies":[{"name":"wp","href":"https:\/\/api.w.org\/{rel}","templated":true}]}}