{"id":69035,"date":"2024-02-08T18:23:20","date_gmt":"2024-02-08T21:23:20","guid":{"rendered":"https:\/\/vocesparalelas.com.ar\/sitio\/?p=69035"},"modified":"2024-02-09T01:14:51","modified_gmt":"2024-02-09T04:14:51","slug":"trabajan-en-el-edificio-centro-de-economia-del-conocimiento-e-innovacion-de-san-juan","status":"publish","type":"post","link":"https:\/\/vocesparalelas.com.ar\/sitio\/trabajan-en-el-edificio-centro-de-economia-del-conocimiento-e-innovacion-de-san-juan\/","title":{"rendered":"Trabajan en el edificio Centro de Econom\u00eda del Conocimiento e Innovaci\u00f3n de San Juan"},"content":{"rendered":"<p>San Juan se prepara para un nuevo espacio Tecnol\u00f3gico que serve para generar un \u00e1mbito colaborativo de discusi\u00f3n, intercambio y promoci\u00f3n de ideas innovadoras buscando el crecimiento del sector de la Econom\u00eda del Conocimiento.<\/p>\n<p>En poco tiempo, el Centro de Econom\u00eda del Conocimiento e Innovaci\u00f3n de San Juan &#8211; CECI SJ &#8211; abrir\u00e1 sus puertas en el edificio ubicado en Av. Ignacio de la Roza esquina Catamarca.<\/p>\n<p>El CECI SJ es el motor para promover acciones que potencien la productividad, empleo de calidad y exportaciones, y est\u00e1 bajo la \u00f3rbita del Ministerio de Producci\u00f3n, Trabajo e Innovaci\u00f3n del Gobierno de San Juan, a trav\u00e9s de la Secretar\u00eda de Ciencia, Tecnolog\u00eda e Innovaci\u00f3n. El polo tecnol\u00f3gico y apoyo a econom\u00eda del conocimiento es un eje estrat\u00e9gico de las propuestas del gobernador Dr. Marcelo Orrego.<\/p>\n<p>Vale destacar que este espacio busca promover la capacitaci\u00f3n e incorporaci\u00f3n al conjunto del entramado productivo de personas con capacidades y habilidades acordes a los requerimientos del nuevo paradigma de la econom\u00eda basado en el conocimiento.<\/p>\n<p>Realizar capacitaci\u00f3n e incorporaci\u00f3n al conjunto del entramado productivo de personas con capacidades y habilidades acordes a los requerimientos del nuevo paradigma de la econom\u00eda basado en el conocimiento; entre otras actividades.<\/p>\n<p>Tambi\u00e9n, estimular el proceso de identificaci\u00f3n, aplicaci\u00f3n y transferencia de conocimiento hacia sectores productivos y \u00e1reas estrat\u00e9gicas con potencial exportador que fortalezcan las posibilidades de competitividad de las empresas. Dise\u00f1ar pol\u00edticas para fomentar la digitalizaci\u00f3n y actualizaci\u00f3n en tecnolog\u00edas 4.0 del entramado productivo provincial. Ser espacio de incubaci\u00f3n del Polo Tecnol\u00f3gico Empresarial de San Juan, reuniendo y articulando con los distintos actores que lo conformar\u00e1n, a fin de sinergia esfuerzos y aunar expectativas durante las fases que hagan de este objetivo una realidad: Concepto, Idea, Anteproyecto, Proyecto, Ejecuci\u00f3n y Consolidaci\u00f3n.<\/p>\n<p>Otros de los pilares del CECI SJ es contribuir a la consolidaci\u00f3n de un Sistema Provincial de Ciencia, Tecnolog\u00eda e Innovaci\u00f3n integrado en la estructura nacional, que posibilite la transferencia de los resultados a los diversos \u00e1mbitos de la sociedad.<\/p>\n<p>&nbsp;<\/p>\n<p>&nbsp;<\/p>\n","protected":false},"excerpt":{"rendered":"<p>San Juan se prepara para un nuevo espacio Tecnol\u00f3gico que serve para generar un \u00e1mbito colaborativo de discusi\u00f3n, intercambio y<\/p>\n","protected":false},"author":3,"featured_media":69038,"comment_status":"closed","ping_status":"closed","sticky":false,"template":"","format":"standard","meta":{"_acf_changed":false,"_seopress_robots_primary_cat":"none","_seopress_titles_title":"","_seopress_titles_desc":"","_seopress_robots_index":"","colormag_page_container_layout":"default_layout","colormag_page_sidebar_layout":"default_layout","footnotes":""},"categories":[9],"tags":[],"class_list":["post-69035","post","type-post","status-publish","format-standard","has-post-thumbnail","hentry","category-cursos"],"acf":[],"_links":{"self":[{"href":"https:\/\/vocesparalelas.com.ar\/sitio\/wp-json\/wp\/v2\/posts\/69035","targetHints":{"allow":["GET"]}}],"collection":[{"href":"https:\/\/vocesparalelas.com.ar\/sitio\/wp-json\/wp\/v2\/posts"}],"about":[{"href":"https:\/\/vocesparalelas.com.ar\/sitio\/wp-json\/wp\/v2\/types\/post"}],"author":[{"embeddable":true,"href":"https:\/\/vocesparalelas.com.ar\/sitio\/wp-json\/wp\/v2\/users\/3"}],"replies":[{"embeddable":true,"href":"https:\/\/vocesparalelas.com.ar\/sitio\/wp-json\/wp\/v2\/comments?post=69035"}],"version-history":[{"count":3,"href":"https:\/\/vocesparalelas.com.ar\/sitio\/wp-json\/wp\/v2\/posts\/69035\/revisions"}],"predecessor-version":[{"id":69041,"href":"https:\/\/vocesparalelas.com.ar\/sitio\/wp-json\/wp\/v2\/posts\/69035\/revisions\/69041"}],"wp:featuredmedia":[{"embeddable":true,"href":"https:\/\/vocesparalelas.com.ar\/sitio\/wp-json\/wp\/v2\/media\/69038"}],"wp:attachment":[{"href":"https:\/\/vocesparalelas.com.ar\/sitio\/wp-json\/wp\/v2\/media?parent=69035"}],"wp:term":[{"taxonomy":"category","embeddable":true,"href":"https:\/\/vocesparalelas.com.ar\/sitio\/wp-json\/wp\/v2\/categories?post=69035"},{"taxonomy":"post_tag","embeddable":true,"href":"https:\/\/vocesparalelas.com.ar\/sitio\/wp-json\/wp\/v2\/tags?post=69035"}],"curies":[{"name":"wp","href":"https:\/\/api.w.org\/{rel}","templated":true}]}}