{"id":68939,"date":"2024-02-05T18:13:35","date_gmt":"2024-02-05T21:13:35","guid":{"rendered":"https:\/\/vocesparalelas.com.ar\/sitio\/?p=68939"},"modified":"2024-02-07T22:53:30","modified_gmt":"2024-02-08T01:53:30","slug":"comenzo-el-curso-de-ingreso-en-la-faud-de-la-unsj","status":"publish","type":"post","link":"https:\/\/vocesparalelas.com.ar\/sitio\/comenzo-el-curso-de-ingreso-en-la-faud-de-la-unsj\/","title":{"rendered":"Comenz\u00f3 el Curso de Ingreso en la FAUD de la UNSJ"},"content":{"rendered":"<p>Las Autoridades, docentes, nodocentes, tutores y el equipo del Curso de Ingreso 2024, le dieron la bienvenida a m\u00e1s de 800 aspirantes que se inscribieron en la Facultad de Arquitectura, Urbanismo y Dise\u00f1o, para estudiar Dise\u00f1o Gr\u00e1fico, Dise\u00f1o Industrial o Arquitectura y Urbanismo el Jueves, 1 de Febrero, en el Comedor Universitario del Complejo Universitario Islas Malvinas &#8211; CUIM &#8211; de la Universidad Nacional de San Juan.<\/p>\n<p>El decano de la FAUD de la UNSJ, Arq. Guillermo Velasco, present\u00f3 a los integrantes del equipo y les dio la bienvenida a los estudiantes. \u00abEsto no es un acto, sino simplemente una bienvenida a la Facultad y a las tres carreras\u00bb, comenz\u00f3 el Decano.<\/p>\n<p>\u00abPara nosotros ver esta cantidad de aspirantes que han decidido seguir estas carreras, en la que el com\u00fan denominador es el dise\u00f1o, nos parece muy importante porque ustedes est\u00e1n eligiendo qu\u00e9 quieren ser el resto de su vida, de qu\u00e9 van a vivir y qu\u00e9 actividad van a desarrollar\u00bb. \u00abEl dise\u00f1o es una pasi\u00f3n porque significa crear y atraviesa las tres carreras\u00bb, agreg\u00f3 Velasco.<\/p>\n<p>\u00abSiguiendo alguna de nuestras carreras van a ver la vida de otra manera porque lo har\u00e1n con ojos de dise\u00f1adores, de creadores, y nosotros creamos para mejorar la calidad de vida de las personas, tenemos una funci\u00f3n social\u00bb, expres\u00f3 el Decano.<\/p>\n<p>Finalmente, el Arq. Guillermo Velasco sostuvo la importante de ingresar en la Universidad P\u00fablica: \u00abEstamos a disposici\u00f3n para resolverles los problemas que tengan porque nos interesa que puedan cursar, ya que se vienen momentos dif\u00edciles para el pa\u00eds y la Universidad no est\u00e1 exenta\u00bb.<\/p>\n<p>Posteriormente, los dem\u00e1s integrantes del equipo de conducci\u00f3n de la Facultad dieron la bienvenida, al igual que los responsables del Curso de Ingreso.<\/p>\n<p><strong><span style=\"color: #ff6600;\">Curso de Ingreso 2024<\/span><\/strong><\/p>\n<p>Desde el 2 de Febrero hasta el 1 de Marzo se desarrolla el Curso de Ingreso en la FAUD de la UNSJ, en el que se divide a los aspirantes en Comisiones. Se imparten contenidos de Lectura y Comprensi\u00f3n de Texto, Ciencias B\u00e1sicas, Forma, Introducci\u00f3n al Proyecto y Charlas Institucionales.<\/p>\n<p><a href=\"https:\/\/ingreso.faud.unsj.edu.ar\/\">https:\/\/ingreso.faud.unsj.edu.ar\/<\/a><\/p>\n<figure id=\"attachment_59382\" aria-describedby=\"caption-attachment-59382\" style=\"width: 800px\" class=\"wp-caption alignnone\"><img loading=\"lazy\" decoding=\"async\" class=\"size-full wp-image-59382\" src=\"https:\/\/vocesparalelas.com.ar\/sitio\/wp-content\/uploads\/2023\/05\/FAUD-EDIFICIO-01.jpg\" alt=\"\" width=\"800\" height=\"600\" srcset=\"https:\/\/vocesparalelas.com.ar\/sitio\/wp-content\/uploads\/2023\/05\/FAUD-EDIFICIO-01.jpg 800w, https:\/\/vocesparalelas.com.ar\/sitio\/wp-content\/uploads\/2023\/05\/FAUD-EDIFICIO-01-300x225.jpg 300w, https:\/\/vocesparalelas.com.ar\/sitio\/wp-content\/uploads\/2023\/05\/FAUD-EDIFICIO-01-768x576.jpg 768w\" sizes=\"auto, (max-width: 800px) 100vw, 800px\" \/><figcaption id=\"caption-attachment-59382\" class=\"wp-caption-text\">Facultad de Arquitectura, Urbanismo y Dise\u00f1o de la Universidad Nacional de San Juan, Rep\u00fablica Argentina<\/figcaption><\/figure>\n<p>&nbsp;<\/p>\n<p>&nbsp;<\/p>\n<p>&nbsp;<\/p>\n","protected":false},"excerpt":{"rendered":"<p>Las Autoridades, docentes, nodocentes, tutores y el equipo del Curso de Ingreso 2024, le dieron la bienvenida a m\u00e1s de<\/p>\n","protected":false},"author":3,"featured_media":68942,"comment_status":"closed","ping_status":"closed","sticky":false,"template":"","format":"standard","meta":{"_acf_changed":false,"_seopress_robots_primary_cat":"none","_seopress_titles_title":"","_seopress_titles_desc":"","_seopress_robots_index":"","colormag_page_container_layout":"default_layout","colormag_page_sidebar_layout":"default_layout","footnotes":""},"categories":[9],"tags":[],"class_list":["post-68939","post","type-post","status-publish","format-standard","has-post-thumbnail","hentry","category-cursos"],"acf":[],"_links":{"self":[{"href":"https:\/\/vocesparalelas.com.ar\/sitio\/wp-json\/wp\/v2\/posts\/68939","targetHints":{"allow":["GET"]}}],"collection":[{"href":"https:\/\/vocesparalelas.com.ar\/sitio\/wp-json\/wp\/v2\/posts"}],"about":[{"href":"https:\/\/vocesparalelas.com.ar\/sitio\/wp-json\/wp\/v2\/types\/post"}],"author":[{"embeddable":true,"href":"https:\/\/vocesparalelas.com.ar\/sitio\/wp-json\/wp\/v2\/users\/3"}],"replies":[{"embeddable":true,"href":"https:\/\/vocesparalelas.com.ar\/sitio\/wp-json\/wp\/v2\/comments?post=68939"}],"version-history":[{"count":1,"href":"https:\/\/vocesparalelas.com.ar\/sitio\/wp-json\/wp\/v2\/posts\/68939\/revisions"}],"predecessor-version":[{"id":68943,"href":"https:\/\/vocesparalelas.com.ar\/sitio\/wp-json\/wp\/v2\/posts\/68939\/revisions\/68943"}],"wp:featuredmedia":[{"embeddable":true,"href":"https:\/\/vocesparalelas.com.ar\/sitio\/wp-json\/wp\/v2\/media\/68942"}],"wp:attachment":[{"href":"https:\/\/vocesparalelas.com.ar\/sitio\/wp-json\/wp\/v2\/media?parent=68939"}],"wp:term":[{"taxonomy":"category","embeddable":true,"href":"https:\/\/vocesparalelas.com.ar\/sitio\/wp-json\/wp\/v2\/categories?post=68939"},{"taxonomy":"post_tag","embeddable":true,"href":"https:\/\/vocesparalelas.com.ar\/sitio\/wp-json\/wp\/v2\/tags?post=68939"}],"curies":[{"name":"wp","href":"https:\/\/api.w.org\/{rel}","templated":true}]}}