{"id":68934,"date":"2024-02-05T21:55:43","date_gmt":"2024-02-06T00:55:43","guid":{"rendered":"https:\/\/vocesparalelas.com.ar\/sitio\/?p=68934"},"modified":"2024-02-05T21:55:43","modified_gmt":"2024-02-06T00:55:43","slug":"hacia-la-la-mesa-del-cobre-en-la-expo-san-juan-minera","status":"publish","type":"post","link":"https:\/\/vocesparalelas.com.ar\/sitio\/hacia-la-la-mesa-del-cobre-en-la-expo-san-juan-minera\/","title":{"rendered":"Hacia la la Mesa del Cobre en la Expo San Juan Minera"},"content":{"rendered":"<p>Los gobernadores de San Juan, Salta y Catamarca de la Rep\u00fablica Argentina, decidieron conformar la Mesa del Cobre, integrada por estas provincias. Esto se dio en el marco de la intensa agenda que los funcionarios est\u00e1n teniendo en Europa.<\/p>\n<p>A propuesta del gobernador de San Juan, Dr. Marcelo Orrego, este nuevo espacio se formaliza y consolida el 21 al 23 de Mayo de 2024, durante la nueva edici\u00f3n de la Expo San Juan Minera.<\/p>\n<p>Estas tres provincias poseen hoy los proyectos de cobre m\u00e1s avanzados. De estos, en San Juan se encuentran 5 proyectos de explotaci\u00f3n.<\/p>\n<p>Los proyectos avanzados de cobre tiene perspectivas de inversi\u00f3n superiores a los 30.000 millones de d\u00f3lares para la pr\u00f3xima d\u00e9cada y exportaciones por m\u00e1s de 10.000 millones anuales.<\/p>\n<p>Se trata de emprendimientos de clase mundial que prev\u00e9n una fuerte creaci\u00f3n de empleos de m\u00e1s de 100.000 mil empleos entre directos e indirectos para los pr\u00f3ximos a\u00f1os.<\/p>\n<p>En el caso de la Provincia de San Juan lidera las inversiones de exploraci\u00f3n en Argentina y posee 5 de los 8 proyectos m\u00e1s avanzados que tiene el pa\u00eds.<\/p>\n<p>La provincia de San Juan, de esta manera, tiene la posibilidad de captar gran parte de ese crecimiento localmente, transform\u00e1ndose as\u00ed en l\u00edder regional en la producci\u00f3n de cobre cobre necesario para avanzar el la electro movilidad y transici\u00f3n energ\u00e9tica.<\/p>\n<p>De esta reuni\u00f3n participaron la secretaria de Miner\u00eda de Naci\u00f3n, Ing. Flavia Roy\u00f3n, los gobernadores de San Juan, Dr. Marcelo Orrego; de Salta, Dr. Gustavo S\u00e1enz; de Catamarca, Economista Ra\u00fal Jalil, adem\u00e1s de los respectivos ministros y secretarios de Miner\u00eda de cada provincia\u00a0de la Rep\u00fablica Argentina.<\/p>\n<p>&nbsp;<\/p>\n<figure id=\"attachment_66197\" aria-describedby=\"caption-attachment-66197\" style=\"width: 800px\" class=\"wp-caption alignnone\"><img loading=\"lazy\" decoding=\"async\" class=\"size-full wp-image-66197\" src=\"https:\/\/vocesparalelas.com.ar\/sitio\/wp-content\/uploads\/2023\/11\/PACHON-SAN-JUAN.jpg\" alt=\"\" width=\"800\" height=\"450\" srcset=\"https:\/\/vocesparalelas.com.ar\/sitio\/wp-content\/uploads\/2023\/11\/PACHON-SAN-JUAN.jpg 800w, https:\/\/vocesparalelas.com.ar\/sitio\/wp-content\/uploads\/2023\/11\/PACHON-SAN-JUAN-300x169.jpg 300w, https:\/\/vocesparalelas.com.ar\/sitio\/wp-content\/uploads\/2023\/11\/PACHON-SAN-JUAN-768x432.jpg 768w\" sizes=\"auto, (max-width: 800px) 100vw, 800px\" \/><figcaption id=\"caption-attachment-66197\" class=\"wp-caption-text\">Minera Glencor Pach\u00f3n, Provincia de San Juan, Rep\u00fablica Argentina<\/figcaption><\/figure>\n","protected":false},"excerpt":{"rendered":"<p>Los gobernadores de San Juan, Salta y Catamarca de la Rep\u00fablica Argentina, decidieron conformar la Mesa del Cobre, integrada por<\/p>\n","protected":false},"author":3,"featured_media":68937,"comment_status":"closed","ping_status":"closed","sticky":false,"template":"","format":"standard","meta":{"_acf_changed":false,"_seopress_robots_primary_cat":"none","_seopress_titles_title":"","_seopress_titles_desc":"","_seopress_robots_index":"","colormag_page_container_layout":"default_layout","colormag_page_sidebar_layout":"default_layout","footnotes":""},"categories":[1],"tags":[],"class_list":["post-68934","post","type-post","status-publish","format-standard","has-post-thumbnail","hentry","category-destacadas"],"acf":[],"_links":{"self":[{"href":"https:\/\/vocesparalelas.com.ar\/sitio\/wp-json\/wp\/v2\/posts\/68934","targetHints":{"allow":["GET"]}}],"collection":[{"href":"https:\/\/vocesparalelas.com.ar\/sitio\/wp-json\/wp\/v2\/posts"}],"about":[{"href":"https:\/\/vocesparalelas.com.ar\/sitio\/wp-json\/wp\/v2\/types\/post"}],"author":[{"embeddable":true,"href":"https:\/\/vocesparalelas.com.ar\/sitio\/wp-json\/wp\/v2\/users\/3"}],"replies":[{"embeddable":true,"href":"https:\/\/vocesparalelas.com.ar\/sitio\/wp-json\/wp\/v2\/comments?post=68934"}],"version-history":[{"count":1,"href":"https:\/\/vocesparalelas.com.ar\/sitio\/wp-json\/wp\/v2\/posts\/68934\/revisions"}],"predecessor-version":[{"id":68938,"href":"https:\/\/vocesparalelas.com.ar\/sitio\/wp-json\/wp\/v2\/posts\/68934\/revisions\/68938"}],"wp:featuredmedia":[{"embeddable":true,"href":"https:\/\/vocesparalelas.com.ar\/sitio\/wp-json\/wp\/v2\/media\/68937"}],"wp:attachment":[{"href":"https:\/\/vocesparalelas.com.ar\/sitio\/wp-json\/wp\/v2\/media?parent=68934"}],"wp:term":[{"taxonomy":"category","embeddable":true,"href":"https:\/\/vocesparalelas.com.ar\/sitio\/wp-json\/wp\/v2\/categories?post=68934"},{"taxonomy":"post_tag","embeddable":true,"href":"https:\/\/vocesparalelas.com.ar\/sitio\/wp-json\/wp\/v2\/tags?post=68934"}],"curies":[{"name":"wp","href":"https:\/\/api.w.org\/{rel}","templated":true}]}}