{"id":68898,"date":"2024-02-04T11:28:17","date_gmt":"2024-02-04T14:28:17","guid":{"rendered":"https:\/\/vocesparalelas.com.ar\/sitio\/?p=68898"},"modified":"2024-02-05T23:20:53","modified_gmt":"2024-02-06T02:20:53","slug":"hacia-el-vivero-de-plantas-nativas-en-san-juan","status":"publish","type":"post","link":"https:\/\/vocesparalelas.com.ar\/sitio\/hacia-el-vivero-de-plantas-nativas-en-san-juan\/","title":{"rendered":"Hacia el Vivero de Plantas Nativas en San Juan"},"content":{"rendered":"<p>El equipo t\u00e9cnico del Parque de la Biodiversidad, dependiente de la Secretar\u00eda de Ambiente y Desarrollo Sostenible del Gobierno de San Juan, viaj\u00f3 al Departamento Valle F\u00e9rtil, para monitorear los diferentes cuerpos de agua, entre ellos, los r\u00edos Las Tumanas, Astica, La Majadita y embalse San Agust\u00edn.<\/p>\n<p>Con el objetivo de obtener un panorama detallado sobre el estado de los procesos ecol\u00f3gicos presentes en la zona, como as\u00ed tambi\u00e9n generar medidas de gesti\u00f3n para la conservaci\u00f3n de los recursos h\u00eddricos; se evaluaron par\u00e1metros fisicoqu\u00edmicos y biol\u00f3gicos, entre ellos ph, conductividad, salinidad, ox\u00edgeno disuelto, turbidez, y se obtuvieron muestras de fito y zooplanton, macroinvertebrados acu\u00e1ticos y peces, brindando as\u00ed un enfoque integral en la evaluaci\u00f3n del ecosistema acu\u00e1tico.<\/p>\n<p>En paralelo, el equipo recorri\u00f3 el departamento para la recolecci\u00f3n de semillas de especies, como brea, garabato, espinillo, algarrobo blanco, pichana tala, mistol y retamo, las cuales estar\u00e1n destinadas a ser utilizadas en la producci\u00f3n de forestales nativos en el vivero del Parque.<\/p>\n<p>El proceso de recolecci\u00f3n se realiza de dos maneras distintas, del suelo y de la planta madre, esta primera colecta se centr\u00f3 en la obtenci\u00f3n de semillas. Una vez finalizado el recorrido comienza el trabajo en el Vivero, que se encuentra ubicado en el interior del Parque de la Biodiversidad.<\/p>\n<p>&nbsp;<\/p>\n<p><img loading=\"lazy\" decoding=\"async\" class=\"alignnone size-large wp-image-18375\" src=\"https:\/\/vocesparalelas.com.ar\/sitio\/wp-content\/uploads\/2019\/01\/AMBIENTE-CARTEL-800x496.jpg\" alt=\"\" width=\"800\" height=\"496\" srcset=\"https:\/\/vocesparalelas.com.ar\/sitio\/wp-content\/uploads\/2019\/01\/AMBIENTE-CARTEL-800x496.jpg 800w, https:\/\/vocesparalelas.com.ar\/sitio\/wp-content\/uploads\/2019\/01\/AMBIENTE-CARTEL-300x186.jpg 300w, https:\/\/vocesparalelas.com.ar\/sitio\/wp-content\/uploads\/2019\/01\/AMBIENTE-CARTEL-768x476.jpg 768w, https:\/\/vocesparalelas.com.ar\/sitio\/wp-content\/uploads\/2019\/01\/AMBIENTE-CARTEL.jpg 1000w\" sizes=\"auto, (max-width: 800px) 100vw, 800px\" \/><\/p>\n","protected":false},"excerpt":{"rendered":"<p>El equipo t\u00e9cnico del Parque de la Biodiversidad, dependiente de la Secretar\u00eda de Ambiente y Desarrollo Sostenible del Gobierno de<\/p>\n","protected":false},"author":3,"featured_media":68901,"comment_status":"closed","ping_status":"closed","sticky":false,"template":"","format":"standard","meta":{"_acf_changed":false,"_seopress_robots_primary_cat":"none","_seopress_titles_title":"","_seopress_titles_desc":"","_seopress_robots_index":"","colormag_page_container_layout":"default_layout","colormag_page_sidebar_layout":"default_layout","footnotes":""},"categories":[2],"tags":[],"class_list":["post-68898","post","type-post","status-publish","format-standard","has-post-thumbnail","hentry","category-convocatorias"],"acf":[],"_links":{"self":[{"href":"https:\/\/vocesparalelas.com.ar\/sitio\/wp-json\/wp\/v2\/posts\/68898","targetHints":{"allow":["GET"]}}],"collection":[{"href":"https:\/\/vocesparalelas.com.ar\/sitio\/wp-json\/wp\/v2\/posts"}],"about":[{"href":"https:\/\/vocesparalelas.com.ar\/sitio\/wp-json\/wp\/v2\/types\/post"}],"author":[{"embeddable":true,"href":"https:\/\/vocesparalelas.com.ar\/sitio\/wp-json\/wp\/v2\/users\/3"}],"replies":[{"embeddable":true,"href":"https:\/\/vocesparalelas.com.ar\/sitio\/wp-json\/wp\/v2\/comments?post=68898"}],"version-history":[{"count":1,"href":"https:\/\/vocesparalelas.com.ar\/sitio\/wp-json\/wp\/v2\/posts\/68898\/revisions"}],"predecessor-version":[{"id":68902,"href":"https:\/\/vocesparalelas.com.ar\/sitio\/wp-json\/wp\/v2\/posts\/68898\/revisions\/68902"}],"wp:featuredmedia":[{"embeddable":true,"href":"https:\/\/vocesparalelas.com.ar\/sitio\/wp-json\/wp\/v2\/media\/68901"}],"wp:attachment":[{"href":"https:\/\/vocesparalelas.com.ar\/sitio\/wp-json\/wp\/v2\/media?parent=68898"}],"wp:term":[{"taxonomy":"category","embeddable":true,"href":"https:\/\/vocesparalelas.com.ar\/sitio\/wp-json\/wp\/v2\/categories?post=68898"},{"taxonomy":"post_tag","embeddable":true,"href":"https:\/\/vocesparalelas.com.ar\/sitio\/wp-json\/wp\/v2\/tags?post=68898"}],"curies":[{"name":"wp","href":"https:\/\/api.w.org\/{rel}","templated":true}]}}