{"id":68882,"date":"2024-02-02T10:59:59","date_gmt":"2024-02-02T13:59:59","guid":{"rendered":"https:\/\/vocesparalelas.com.ar\/sitio\/?p=68882"},"modified":"2024-02-04T22:00:37","modified_gmt":"2024-02-05T01:00:37","slug":"taller-verano-2024-robotica-en-san-juan","status":"publish","type":"post","link":"https:\/\/vocesparalelas.com.ar\/sitio\/taller-verano-2024-robotica-en-san-juan\/","title":{"rendered":"Taller Verano 2024 \u00abRob\u00f3tica\u00bb en San Juan"},"content":{"rendered":"<p>La secretar\u00eda de Ciencia, Tecnolog\u00eda e Innovaci\u00f3n del Ministerio de Producci\u00f3n, Trabajo e Innovaci\u00f3n del Gobierno de San Juan informa a los adolescentes de 12 a 17 a\u00f1os que pueden inscribirse en el \u00abTaller de Rob\u00f3tica\u00bb.<\/p>\n<p><strong><span style=\"color: #ff6600;\">Objetivos<\/span><\/strong><\/p>\n<ul>\n<li>Describir qu\u00e9 es un robot y qu\u00e9 papel tiene en la sociedad<\/li>\n<li>Reconocer los componentes b\u00e1sicos de un robot y su funcionamiento<\/li>\n<li>Comprender la variedad multidisciplinar que tiene la rob\u00f3tica y su utilidad en la actualidad<\/li>\n<li>Completar el desarrollo en un amplio abanico de habilidades incluidas en la ciencia, tecnolog\u00eda, ingenier\u00eda y matem\u00e1ticas<\/li>\n<li>Adquirir destrezas en la gesti\u00f3n de la rob\u00f3tica en diferentes entornos<\/li>\n<li>Comprender las ventajas de aprender programaci\u00f3n mediante la rob\u00f3tica<\/li>\n<li>Conocer los diferentes materiales y alternativas disponibles de la rob\u00f3tica educativa y qu\u00e9 aplicaciones tienen en la ense\u00f1anza<\/li>\n<li>Conocer lenguajes de programaci\u00f3n de Arduino, Ardublok y Mblock<\/li>\n<\/ul>\n<p>Los contenidos se dictan en dos niveles.<\/p>\n<p><strong><span style=\"color: #ff6600;\">Nivel I<\/span><\/strong><\/p>\n<ul>\n<li>\u201cDise\u00f1o y Armado\u201d<\/li>\n<li>Introducci\u00f3n a la rob\u00f3tica,<\/li>\n<li>Tipos de robots,<\/li>\n<li>Kit rob\u00f3tico,<\/li>\n<li>Piezas,<\/li>\n<li>Sensores,<\/li>\n<li>E-brik,<\/li>\n<li>Conectores anal\u00f3gicos y digitales,<\/li>\n<li>Entra y salida de hardware,<\/li>\n<li>Placa inteligente arduino,<\/li>\n<li>Software y hardware libre,<\/li>\n<li>Innovaci\u00f3n de dise\u00f1o y armado &#8211; desaf\u00edos<\/li>\n<li>Funciones en el equipo colaborativo de trabajo<\/li>\n<li>Automatizaci\u00f3n.<\/li>\n<\/ul>\n<p><strong><span style=\"color: #ff6600;\">Nivel II<\/span><\/strong><\/p>\n<ul>\n<li>\u201cDid\u00e1ctica y Programaci\u00f3n\u201d<\/li>\n<li>Introducci\u00f3n a la programaci\u00f3n,<\/li>\n<li>Software de programaci\u00f3n,<\/li>\n<li>Sistemas de programaci\u00f3n arduino, ardublok y Mblock bucle<\/li>\n<li>Elementos de programaci\u00f3n<\/li>\n<li>\u00c1reas que integran la rob\u00f3tica como espacio did\u00e1ctico<\/li>\n<li>Rob\u00f3tica como aprendizaje colaborativo, habilidades y competencias<\/li>\n<li>Automatizaci\u00f3n para la manipulaci\u00f3n, desarrollo de actividades interdisciplinarias.<\/li>\n<\/ul>\n<p><strong><span style=\"color: #ff6600;\">Modalidad<\/span><\/strong><\/p>\n<p>Presencial, con clases te\u00f3ricas y pr\u00e1cticas, las cuales ir\u00e1n fortaleciendo el\u00a0aprendizaje colaborativo, para que todos los chicos incursionen en el mundo de la Rob\u00f3tica.<\/p>\n<p>Las actividades son acordes a cada uno de los niveles, teniendo en cuenta la relevancia de los contenidos y as\u00ed generando una jerarquizaci\u00f3n para un proceso de aprendizaje paulatino y acorde a los\u00a0tiempos de los alumnos.<\/p>\n<p>El taller inicia el Jueves, 8 de Febrero y finaliza el Viernes, 1 de Marzo. El dictado se desarrolla el Lunes y Jueves, de 16 a 18 hs.; en el edificio de CESI SJ, Avenida Ignacio de la Roza y Catamarca, Capital.<\/p>\n<p><img loading=\"lazy\" decoding=\"async\" class=\"alignnone size-full wp-image-63810\" src=\"https:\/\/vocesparalelas.com.ar\/sitio\/wp-content\/uploads\/2023\/09\/TEC-SAN-JUAN-EDIFICIO-1.jpg\" alt=\"\" width=\"800\" height=\"600\" srcset=\"https:\/\/vocesparalelas.com.ar\/sitio\/wp-content\/uploads\/2023\/09\/TEC-SAN-JUAN-EDIFICIO-1.jpg 800w, https:\/\/vocesparalelas.com.ar\/sitio\/wp-content\/uploads\/2023\/09\/TEC-SAN-JUAN-EDIFICIO-1-300x225.jpg 300w, https:\/\/vocesparalelas.com.ar\/sitio\/wp-content\/uploads\/2023\/09\/TEC-SAN-JUAN-EDIFICIO-1-768x576.jpg 768w\" sizes=\"auto, (max-width: 800px) 100vw, 800px\" \/><\/p>\n<p><span style=\"color: #ff6600;\"><strong>Inscripci\u00f3n<\/strong><\/span><\/p>\n<p><a href=\"http:\/\/bit.ly\/roboticaprod\">http:\/\/bit.ly\/roboticaprod<\/a><\/p>\n<p><strong><span style=\"color: #ff6600;\">M\u00e1s informaci\u00f3n<\/span><\/strong><\/p>\n<p>Al mail\u00a0<a href=\"mailto:ceci.produccionsj@gmail.com\">ceci.produccionsj@gmail.com<\/a><\/p>\n<p>&nbsp;<\/p>\n<p><img loading=\"lazy\" decoding=\"async\" class=\"alignnone size-full wp-image-63811\" src=\"https:\/\/vocesparalelas.com.ar\/sitio\/wp-content\/uploads\/2023\/09\/TEC-SAN-JUAN-LOGO.jpg\" alt=\"\" width=\"800\" height=\"600\" srcset=\"https:\/\/vocesparalelas.com.ar\/sitio\/wp-content\/uploads\/2023\/09\/TEC-SAN-JUAN-LOGO.jpg 800w, https:\/\/vocesparalelas.com.ar\/sitio\/wp-content\/uploads\/2023\/09\/TEC-SAN-JUAN-LOGO-300x225.jpg 300w, https:\/\/vocesparalelas.com.ar\/sitio\/wp-content\/uploads\/2023\/09\/TEC-SAN-JUAN-LOGO-768x576.jpg 768w\" sizes=\"auto, (max-width: 800px) 100vw, 800px\" \/><\/p>\n","protected":false},"excerpt":{"rendered":"<p>La secretar\u00eda de Ciencia, Tecnolog\u00eda e Innovaci\u00f3n del Ministerio de Producci\u00f3n, Trabajo e Innovaci\u00f3n del Gobierno de San Juan informa<\/p>\n","protected":false},"author":3,"featured_media":8260,"comment_status":"closed","ping_status":"closed","sticky":false,"template":"","format":"standard","meta":{"_acf_changed":false,"_seopress_robots_primary_cat":"none","_seopress_titles_title":"","_seopress_titles_desc":"","_seopress_robots_index":"","colormag_page_container_layout":"default_layout","colormag_page_sidebar_layout":"default_layout","footnotes":""},"categories":[9],"tags":[],"class_list":["post-68882","post","type-post","status-publish","format-standard","has-post-thumbnail","hentry","category-cursos"],"acf":[],"_links":{"self":[{"href":"https:\/\/vocesparalelas.com.ar\/sitio\/wp-json\/wp\/v2\/posts\/68882","targetHints":{"allow":["GET"]}}],"collection":[{"href":"https:\/\/vocesparalelas.com.ar\/sitio\/wp-json\/wp\/v2\/posts"}],"about":[{"href":"https:\/\/vocesparalelas.com.ar\/sitio\/wp-json\/wp\/v2\/types\/post"}],"author":[{"embeddable":true,"href":"https:\/\/vocesparalelas.com.ar\/sitio\/wp-json\/wp\/v2\/users\/3"}],"replies":[{"embeddable":true,"href":"https:\/\/vocesparalelas.com.ar\/sitio\/wp-json\/wp\/v2\/comments?post=68882"}],"version-history":[{"count":1,"href":"https:\/\/vocesparalelas.com.ar\/sitio\/wp-json\/wp\/v2\/posts\/68882\/revisions"}],"predecessor-version":[{"id":68885,"href":"https:\/\/vocesparalelas.com.ar\/sitio\/wp-json\/wp\/v2\/posts\/68882\/revisions\/68885"}],"wp:featuredmedia":[{"embeddable":true,"href":"https:\/\/vocesparalelas.com.ar\/sitio\/wp-json\/wp\/v2\/media\/8260"}],"wp:attachment":[{"href":"https:\/\/vocesparalelas.com.ar\/sitio\/wp-json\/wp\/v2\/media?parent=68882"}],"wp:term":[{"taxonomy":"category","embeddable":true,"href":"https:\/\/vocesparalelas.com.ar\/sitio\/wp-json\/wp\/v2\/categories?post=68882"},{"taxonomy":"post_tag","embeddable":true,"href":"https:\/\/vocesparalelas.com.ar\/sitio\/wp-json\/wp\/v2\/tags?post=68882"}],"curies":[{"name":"wp","href":"https:\/\/api.w.org\/{rel}","templated":true}]}}