{"id":68857,"date":"2024-02-02T12:04:09","date_gmt":"2024-02-02T15:04:09","guid":{"rendered":"https:\/\/vocesparalelas.com.ar\/sitio\/?p=68857"},"modified":"2024-02-02T12:04:09","modified_gmt":"2024-02-02T15:04:09","slug":"se-renovaron-los-beneficios-del-crecimiento-cultural-de-san-juan","status":"publish","type":"post","link":"https:\/\/vocesparalelas.com.ar\/sitio\/se-renovaron-los-beneficios-del-crecimiento-cultural-de-san-juan\/","title":{"rendered":"Se renovaron los beneficios del crecimiento cultural de San Juan"},"content":{"rendered":"<p>La secretaria Ejecutiva de la Fundaci\u00f3n Banco San Juan, Prof. Laura Ad\u00e1moli, y la coordinadora, Ing. Andrea D\u00edaz mantuvieron una reuni\u00f3n con el ministro de Turismo, Cultura y Deporte del Gobierno de San Juan, Dr. Guido Romero, el secretario de Cultura Eduardo Varela y la subsecretaria General de Coordinaci\u00f3n Cultural, Marcela Zegaib.<\/p>\n<p>En este encuentro, delinearon estrategias para seguir fortaleciendo el v\u00ednculo de cooperaci\u00f3n entre ambas instituciones para continuar impulsando el crecimiento art\u00edstico en San Juan.<\/p>\n<p>Por ello, la secretaria Ejecutiva de la FBSJ, Prof. Laura Ad\u00e1moli puntualiz\u00f3 \u00abel compromiso de la Fundaci\u00f3n Banco San Juan y del Grupo Petersen, con la cultura de San Juan. La importancia de la Responsabilidad Social Empresaria como un pilar fundamental para el desarrollo comunitario y el mejoramiento de la calidad de vida de la sociedad\u00bb.<\/p>\n<p>La Fundaci\u00f3n Banco San Juan, en l\u00ednea con su misi\u00f3n, ha estado involucrada en diversos proyectos culturales a lo largo de los a\u00f1os. Entre ellos se destacan la Ley de Mecenazgo, la organizaci\u00f3n de los Premios Franklin Rawson, una colaboraci\u00f3n estrecha con el Teatro del Bicentenario, entre otras.<\/p>\n<p>Durante la reuni\u00f3n, se acord\u00f3 mantener y fortalecer los lazos de trabajo entre la Fundaci\u00f3n y las autoridades culturales para el 2024. El objetivo principal es continuar promoviendo y visibilizando el desarrollo de la cultura local en la provincia.<\/p>\n<p><img loading=\"lazy\" decoding=\"async\" class=\"alignnone size-full wp-image-65270\" src=\"https:\/\/vocesparalelas.com.ar\/sitio\/wp-content\/uploads\/2023\/11\/FBSJ-INET-11.jpg\" alt=\"\" width=\"800\" height=\"167\" srcset=\"https:\/\/vocesparalelas.com.ar\/sitio\/wp-content\/uploads\/2023\/11\/FBSJ-INET-11.jpg 800w, https:\/\/vocesparalelas.com.ar\/sitio\/wp-content\/uploads\/2023\/11\/FBSJ-INET-11-300x63.jpg 300w, https:\/\/vocesparalelas.com.ar\/sitio\/wp-content\/uploads\/2023\/11\/FBSJ-INET-11-768x160.jpg 768w\" sizes=\"auto, (max-width: 800px) 100vw, 800px\" \/><\/p>\n","protected":false},"excerpt":{"rendered":"<p>La secretaria Ejecutiva de la Fundaci\u00f3n Banco San Juan, Prof. Laura Ad\u00e1moli, y la coordinadora, Ing. Andrea D\u00edaz mantuvieron una<\/p>\n","protected":false},"author":3,"featured_media":68860,"comment_status":"closed","ping_status":"closed","sticky":false,"template":"","format":"standard","meta":{"_acf_changed":false,"_seopress_robots_primary_cat":"none","_seopress_titles_title":"","_seopress_titles_desc":"","_seopress_robots_index":"","colormag_page_container_layout":"default_layout","colormag_page_sidebar_layout":"default_layout","footnotes":""},"categories":[1],"tags":[],"class_list":["post-68857","post","type-post","status-publish","format-standard","has-post-thumbnail","hentry","category-destacadas"],"acf":[],"_links":{"self":[{"href":"https:\/\/vocesparalelas.com.ar\/sitio\/wp-json\/wp\/v2\/posts\/68857","targetHints":{"allow":["GET"]}}],"collection":[{"href":"https:\/\/vocesparalelas.com.ar\/sitio\/wp-json\/wp\/v2\/posts"}],"about":[{"href":"https:\/\/vocesparalelas.com.ar\/sitio\/wp-json\/wp\/v2\/types\/post"}],"author":[{"embeddable":true,"href":"https:\/\/vocesparalelas.com.ar\/sitio\/wp-json\/wp\/v2\/users\/3"}],"replies":[{"embeddable":true,"href":"https:\/\/vocesparalelas.com.ar\/sitio\/wp-json\/wp\/v2\/comments?post=68857"}],"version-history":[{"count":1,"href":"https:\/\/vocesparalelas.com.ar\/sitio\/wp-json\/wp\/v2\/posts\/68857\/revisions"}],"predecessor-version":[{"id":68861,"href":"https:\/\/vocesparalelas.com.ar\/sitio\/wp-json\/wp\/v2\/posts\/68857\/revisions\/68861"}],"wp:featuredmedia":[{"embeddable":true,"href":"https:\/\/vocesparalelas.com.ar\/sitio\/wp-json\/wp\/v2\/media\/68860"}],"wp:attachment":[{"href":"https:\/\/vocesparalelas.com.ar\/sitio\/wp-json\/wp\/v2\/media?parent=68857"}],"wp:term":[{"taxonomy":"category","embeddable":true,"href":"https:\/\/vocesparalelas.com.ar\/sitio\/wp-json\/wp\/v2\/categories?post=68857"},{"taxonomy":"post_tag","embeddable":true,"href":"https:\/\/vocesparalelas.com.ar\/sitio\/wp-json\/wp\/v2\/tags?post=68857"}],"curies":[{"name":"wp","href":"https:\/\/api.w.org\/{rel}","templated":true}]}}