{"id":68852,"date":"2024-02-02T11:30:35","date_gmt":"2024-02-02T14:30:35","guid":{"rendered":"https:\/\/vocesparalelas.com.ar\/sitio\/?p=68852"},"modified":"2024-02-02T11:30:35","modified_gmt":"2024-02-02T14:30:35","slug":"se-realizo-cirugia-del-implante-de-la-valvula-protesica-de-liberacion-rapida-en-el-hgr-de-san-juan","status":"publish","type":"post","link":"https:\/\/vocesparalelas.com.ar\/sitio\/se-realizo-cirugia-del-implante-de-la-valvula-protesica-de-liberacion-rapida-en-el-hgr-de-san-juan\/","title":{"rendered":"Se realiz\u00f3 cirug\u00eda del implante de la v\u00e1lvula prot\u00e9sica de liberaci\u00f3n r\u00e1pida en el HGR de San Juan"},"content":{"rendered":"<p>El Servicio de Cirug\u00eda Cardiovascular del Hospital Dr. Guillermo Rawson de la Provincia de San Juan, realiz\u00f3 una cirug\u00eda mediante el implante de una v\u00e1lvula prot\u00e9sica de liberaci\u00f3n r\u00e1pida en un paciente de 61 a\u00f1os de edad, portador de estenosis a\u00f3rtica cr\u00edtica.<\/p>\n<p>Esto significa que estuvo en Insuficiencia cardiaca cr\u00f3nica en su etapa m\u00e1s avanzada &#8211; CFIII-IV &#8211; a pesar del tratamiento m\u00e9dico optimizado. La funci\u00f3n de su ventr\u00edculo izquierdo se encontr\u00f3 severamente deteriorada y la reserva miocardio contr\u00e1ctil demostrada era limitada.<\/p>\n<p>Debido a su edad y condici\u00f3n cl\u00ednica, luego de debatido el caso en el equipo card\u00edaco, decidi\u00f3 realizar el reemplazo valvular a\u00f3rtico v\u00eda cirug\u00eda m\u00ednimamente invasiva, haciendo uso de una v\u00e1lvula prot\u00e9sica biol\u00f3gica de r\u00e1pida liberaci\u00f3n sin sutura &#8211; Perceval &#8211; LivaNova\/Corcym) talle L.<\/p>\n<p>Dicho abordaje permiti\u00f3 implantar una pr\u00f3tesis de adecuado orificio de \u00e1rea efectivo, con reducidos tiempos de circulaci\u00f3n extracorp\u00f3rea y cirug\u00eda, permitiendo una\u00a0recuperaci\u00f3n post operatoria precoz y favorable, a pesar de su delicada condici\u00f3n cl\u00ednica y funcional preparatoria.<\/p>\n<p>El\u00a0paciente se recuper\u00f3 satisfactoriamente, recibiendo el alta hospitalaria en excelentes condiciones.<\/p>\n<p>Es de destacar la\u00a0gran labor en equipo, que de forma competente y coordinada permitieron el desarrollo de dicha cirug\u00eda.<\/p>\n<p>La intervenci\u00f3n estuvo a cargo del\u00a0Dr. Mauricio Mart\u00edn\u00a0y el\u00a0Dr. Rom\u00e1n Barrios, participando miembros del\u00a0Servicio de Cirug\u00eda Cardiovascular, Anestesiolog\u00eda cardiovascular, Recuperaci\u00f3n cardiovascular, Cardiolog\u00eda, Perfusi\u00f3n, Instrumentaci\u00f3n quir\u00fargica, Enfermer\u00eda y Kinesiolog\u00eda del Hospital Dr. Guillermo Rawson, adem\u00e1s de la asistencia permanente de los expertos de la empresa proveedora de la pr\u00f3tesis.<\/p>\n<p>&nbsp;<\/p>\n<p><img loading=\"lazy\" decoding=\"async\" class=\"alignnone size-full wp-image-27493\" src=\"https:\/\/vocesparalelas.com.ar\/sitio\/wp-content\/uploads\/2020\/04\/HOSPITAL-RAWSON-10.jpg\" alt=\"\" width=\"800\" height=\"533\" srcset=\"https:\/\/vocesparalelas.com.ar\/sitio\/wp-content\/uploads\/2020\/04\/HOSPITAL-RAWSON-10.jpg 800w, https:\/\/vocesparalelas.com.ar\/sitio\/wp-content\/uploads\/2020\/04\/HOSPITAL-RAWSON-10-300x200.jpg 300w, https:\/\/vocesparalelas.com.ar\/sitio\/wp-content\/uploads\/2020\/04\/HOSPITAL-RAWSON-10-768x512.jpg 768w\" sizes=\"auto, (max-width: 800px) 100vw, 800px\" \/><\/p>\n","protected":false},"excerpt":{"rendered":"<p>El Servicio de Cirug\u00eda Cardiovascular del Hospital Dr. Guillermo Rawson de la Provincia de San Juan, realiz\u00f3 una cirug\u00eda mediante<\/p>\n","protected":false},"author":3,"featured_media":68855,"comment_status":"closed","ping_status":"closed","sticky":false,"template":"","format":"standard","meta":{"_acf_changed":false,"_seopress_robots_primary_cat":"none","_seopress_titles_title":"","_seopress_titles_desc":"","_seopress_robots_index":"","colormag_page_container_layout":"default_layout","colormag_page_sidebar_layout":"default_layout","footnotes":""},"categories":[1],"tags":[],"class_list":["post-68852","post","type-post","status-publish","format-standard","has-post-thumbnail","hentry","category-destacadas"],"acf":[],"_links":{"self":[{"href":"https:\/\/vocesparalelas.com.ar\/sitio\/wp-json\/wp\/v2\/posts\/68852","targetHints":{"allow":["GET"]}}],"collection":[{"href":"https:\/\/vocesparalelas.com.ar\/sitio\/wp-json\/wp\/v2\/posts"}],"about":[{"href":"https:\/\/vocesparalelas.com.ar\/sitio\/wp-json\/wp\/v2\/types\/post"}],"author":[{"embeddable":true,"href":"https:\/\/vocesparalelas.com.ar\/sitio\/wp-json\/wp\/v2\/users\/3"}],"replies":[{"embeddable":true,"href":"https:\/\/vocesparalelas.com.ar\/sitio\/wp-json\/wp\/v2\/comments?post=68852"}],"version-history":[{"count":1,"href":"https:\/\/vocesparalelas.com.ar\/sitio\/wp-json\/wp\/v2\/posts\/68852\/revisions"}],"predecessor-version":[{"id":68856,"href":"https:\/\/vocesparalelas.com.ar\/sitio\/wp-json\/wp\/v2\/posts\/68852\/revisions\/68856"}],"wp:featuredmedia":[{"embeddable":true,"href":"https:\/\/vocesparalelas.com.ar\/sitio\/wp-json\/wp\/v2\/media\/68855"}],"wp:attachment":[{"href":"https:\/\/vocesparalelas.com.ar\/sitio\/wp-json\/wp\/v2\/media?parent=68852"}],"wp:term":[{"taxonomy":"category","embeddable":true,"href":"https:\/\/vocesparalelas.com.ar\/sitio\/wp-json\/wp\/v2\/categories?post=68852"},{"taxonomy":"post_tag","embeddable":true,"href":"https:\/\/vocesparalelas.com.ar\/sitio\/wp-json\/wp\/v2\/tags?post=68852"}],"curies":[{"name":"wp","href":"https:\/\/api.w.org\/{rel}","templated":true}]}}