{"id":68839,"date":"2024-02-02T09:49:10","date_gmt":"2024-02-02T12:49:10","guid":{"rendered":"https:\/\/vocesparalelas.com.ar\/sitio\/?p=68839"},"modified":"2024-02-04T12:21:39","modified_gmt":"2024-02-04T15:21:39","slug":"venta-de-abonos-para-la-copa-intercontinental-hockey-sobre-patines-2024-en-san-juan","status":"publish","type":"post","link":"https:\/\/vocesparalelas.com.ar\/sitio\/venta-de-abonos-para-la-copa-intercontinental-hockey-sobre-patines-2024-en-san-juan\/","title":{"rendered":"Venta de abonos para la Copa Intercontinental Hockey sobre Patines 2024 en San Juan"},"content":{"rendered":"<p>Ya est\u00e1 definida la venta de abonos para la Copa Intercontinental de Hockey sobre Patines a jugarse en el Estadio Dr. Aldo Cantoni del 16 al 18 de febrero pr\u00f3ximo, cuyos abonos se vender\u00e1n en tres lugares: sede de Federaci\u00f3n Sanjuanina de Pat\u00edn, boleter\u00edas del estadio Aldo Cantoni y en los clubes participantes.<\/p>\n<p><span style=\"color: #ff6600;\"><strong>Abonos, correspondientes a las jornadas de 16; 17 y 18 de Febrero 2024<\/strong><\/span><\/p>\n<ul>\n<li>$12.000, Entrada General (platea este, popular sur, popular norte)<\/li>\n<li>$18.000.- Plantea Oeste (butacas numeradas)<\/li>\n<\/ul>\n<p><span style=\"color: #ff6600;\"><strong>Canales de venta<\/strong><\/span><\/p>\n<p><span style=\"color: #ff6600;\"><strong>1) Federaci\u00f3n Sanjuanina de Pat\u00edn, Maip\u00fa 40 &#8211; O -, Capital<\/strong><\/span><\/p>\n<ul>\n<li>A partir del Viernes, 2 de Febrero, de 10 a 13 hs.; y de 18 a 21 hs.; de Lunes a Viernes<\/li>\n<li>S\u00e1bado 03 y 10 de Febrero, de 10 a 13 hs.<\/li>\n<\/ul>\n<p><span style=\"color: #ff6600;\"><strong>2) Boleter\u00eda del Estadio Dr. Aldo Cantoni<\/strong><\/span><\/p>\n<ul>\n<li>Jueves, 15 de Febrero, de 10 a 13 hs.; y 17 a 21 hs.<\/li>\n<li>Viernes, 16; S\u00e1bado, 17 y Domingo, 18 de Febrero, , desde las 17 hs<\/li>\n<\/ul>\n<p><span style=\"color: #ff6600;\"><strong>3) En los Clubes<\/strong><\/span><\/p>\n<ul>\n<li>Aberastain, Lomas de Rivadavia y Uni\u00f3n Vecinal de Trinidad, modalidad, d\u00edas y horarios a confirmar<\/li>\n<\/ul>\n<p><span style=\"color: #ff6600;\"><strong>4) Para compradores de fuera de la Provincia<\/strong><\/span><\/p>\n<ul>\n<li>Modalidad: Transferencia bancaria<\/li>\n<li>Contactarse al siguiente correo electr\u00f3nico:\u00a0<span id=\"cloak48bac4656ab358ef274c53eada377855\"><a href=\"mailto:abonoscopaintercontinental@fspatin.com\">abonoscopaintercontinental@fspatin.com<\/a><\/span> , trav\u00e9s del mismo se les indica modalidad de pago y entrega de Abonos<\/li>\n<\/ul>\n<p><span style=\"color: #ff6600;\"><strong>\u00danicos medios de pago habilitados<\/strong><\/span><\/p>\n<ul>\n<li>Transferencia bancaria<\/li>\n<li>Tarjetas de cr\u00e9dito de Banco San Juan hasta 3 cuotas sin inter\u00e9s<\/li>\n<li>Tarjetas de cr\u00e9dito de otros bancos en un pago<\/li>\n<li>Tarjetas de d\u00e9bito<\/li>\n<li>Contado efectivo.<\/li>\n<\/ul>\n<p><span style=\"color: #ff6600;\"><strong>Entrada Sin Cargo<\/strong><\/span><\/p>\n<ul>\n<li>Ni\u00f1os hasta 10 a\u00f1os,<\/li>\n<li>Jubilados y pensionados, presentando carnet<\/li>\n<li>Ingreso s\u00f3lo por Puertas A, B y F<\/li>\n<\/ul>\n<p><span style=\"color: #ff6600;\"><strong>Entradas<\/strong><\/span><\/p>\n<p>Se habilita la venta de entradas por jornada, solo\u00a0en el caso de quedar alg\u00fan remanente de abonos, durante los d\u00edas de competencia en boleter\u00edas del Estadio Dr. Aldo Cantoni.<\/p>\n<ul>\n<li>$6.000 Entrada General, platea Este, popular Sur, popular Norte<\/li>\n<li>$9.000 Plantea Oeste, butacas numeradas<\/li>\n<\/ul>\n<p><img loading=\"lazy\" decoding=\"async\" class=\"alignnone size-full wp-image-68844\" src=\"https:\/\/vocesparalelas.com.ar\/sitio\/wp-content\/uploads\/2024\/02\/ESTADIO-ALDO-CANTONI-02.jpg\" alt=\"\" width=\"800\" height=\"600\" srcset=\"https:\/\/vocesparalelas.com.ar\/sitio\/wp-content\/uploads\/2024\/02\/ESTADIO-ALDO-CANTONI-02.jpg 800w, https:\/\/vocesparalelas.com.ar\/sitio\/wp-content\/uploads\/2024\/02\/ESTADIO-ALDO-CANTONI-02-300x225.jpg 300w, https:\/\/vocesparalelas.com.ar\/sitio\/wp-content\/uploads\/2024\/02\/ESTADIO-ALDO-CANTONI-02-768x576.jpg 768w\" sizes=\"auto, (max-width: 800px) 100vw, 800px\" \/><\/p>\n","protected":false},"excerpt":{"rendered":"<p>Ya est\u00e1 definida la venta de abonos para la Copa Intercontinental de Hockey sobre Patines a jugarse en el Estadio<\/p>\n","protected":false},"author":3,"featured_media":68845,"comment_status":"closed","ping_status":"closed","sticky":false,"template":"","format":"standard","meta":{"_acf_changed":false,"_seopress_robots_primary_cat":"none","_seopress_titles_title":"","_seopress_titles_desc":"","_seopress_robots_index":"","colormag_page_container_layout":"default_layout","colormag_page_sidebar_layout":"default_layout","footnotes":""},"categories":[2],"tags":[],"class_list":["post-68839","post","type-post","status-publish","format-standard","has-post-thumbnail","hentry","category-convocatorias"],"acf":[],"_links":{"self":[{"href":"https:\/\/vocesparalelas.com.ar\/sitio\/wp-json\/wp\/v2\/posts\/68839","targetHints":{"allow":["GET"]}}],"collection":[{"href":"https:\/\/vocesparalelas.com.ar\/sitio\/wp-json\/wp\/v2\/posts"}],"about":[{"href":"https:\/\/vocesparalelas.com.ar\/sitio\/wp-json\/wp\/v2\/types\/post"}],"author":[{"embeddable":true,"href":"https:\/\/vocesparalelas.com.ar\/sitio\/wp-json\/wp\/v2\/users\/3"}],"replies":[{"embeddable":true,"href":"https:\/\/vocesparalelas.com.ar\/sitio\/wp-json\/wp\/v2\/comments?post=68839"}],"version-history":[{"count":1,"href":"https:\/\/vocesparalelas.com.ar\/sitio\/wp-json\/wp\/v2\/posts\/68839\/revisions"}],"predecessor-version":[{"id":68846,"href":"https:\/\/vocesparalelas.com.ar\/sitio\/wp-json\/wp\/v2\/posts\/68839\/revisions\/68846"}],"wp:featuredmedia":[{"embeddable":true,"href":"https:\/\/vocesparalelas.com.ar\/sitio\/wp-json\/wp\/v2\/media\/68845"}],"wp:attachment":[{"href":"https:\/\/vocesparalelas.com.ar\/sitio\/wp-json\/wp\/v2\/media?parent=68839"}],"wp:term":[{"taxonomy":"category","embeddable":true,"href":"https:\/\/vocesparalelas.com.ar\/sitio\/wp-json\/wp\/v2\/categories?post=68839"},{"taxonomy":"post_tag","embeddable":true,"href":"https:\/\/vocesparalelas.com.ar\/sitio\/wp-json\/wp\/v2\/tags?post=68839"}],"curies":[{"name":"wp","href":"https:\/\/api.w.org\/{rel}","templated":true}]}}