{"id":68827,"date":"2024-02-01T19:56:39","date_gmt":"2024-02-01T22:56:39","guid":{"rendered":"https:\/\/vocesparalelas.com.ar\/sitio\/?p=68827"},"modified":"2024-02-02T18:03:25","modified_gmt":"2024-02-02T21:03:25","slug":"cabalgata-y-pena-en-honor-al-gaucho-jose-dolores-2024-en-rawson","status":"publish","type":"post","link":"https:\/\/vocesparalelas.com.ar\/sitio\/cabalgata-y-pena-en-honor-al-gaucho-jose-dolores-2024-en-rawson\/","title":{"rendered":"Cabalgata y Pe\u00f1a en Honor al Gaucho Jos\u00e9 Dolores 2024 en Rawson"},"content":{"rendered":"<p>La Municipalidad de la Ciudad de Rawson invita a la Cabalgata y Pe\u00f1a en Honor al Gaucho Jos\u00e9 Dolores, el S\u00e1bado, 3 de Febrero, a las 18 hs.; organizado por la Agrupaci\u00f3n Gaucha San Juan de la Frontera y fiscalizado por la Federaci\u00f3n Gaucha Sanjuanina.<\/p>\n<p>El S\u00e1bado, 3 de Febrero, a las 18 hs.; el punto de encuentro tes en el Parque de Rawson. La cabalgata inicia su recorrido por Boulevard Sarmiento hasta Avenida Espa\u00f1a hacia el Norte hasta Doctor Ortega para empalmar por Mendoza hasta Jos\u00e9 Dolores. Frente al Santuario del Gaucho Jos\u00e9 Dolores, donde las autoridades descube la placa como testigo de los honores que le riden al protector.<\/p>\n<p>Luego de ese homenaje, los jinetes se dirigen por Jos\u00e9 Dolores hasta General Acha Sur hasta Calle 6. Llegan a Ram\u00f3n Franco para llegar al Predio Gaucho, Localidad del M\u00e9dano de Oro, Departamento Rawson.<\/p>\n<p>Se estima que el recorrido finalizar\u00e1 a las 21 horas, donde comienza la Pe\u00f1a folcl\u00f3rica en Honor al Gaucho Jos\u00e9 Dolores con la participaci\u00f3n de artistas locales y ranchos t\u00edpicos, con entrada libre y gratuita, para que los presentes puedan vivir una agradable jornada en familia.<\/p>\n<p>&nbsp;<\/p>\n<p><img loading=\"lazy\" decoding=\"async\" class=\"alignnone size-large wp-image-14341\" src=\"https:\/\/vocesparalelas.com.ar\/sitio\/wp-content\/uploads\/2018\/08\/CABALGATA-18-800x534.jpg\" alt=\"\" width=\"800\" height=\"534\" srcset=\"https:\/\/vocesparalelas.com.ar\/sitio\/wp-content\/uploads\/2018\/08\/CABALGATA-18-800x534.jpg 800w, https:\/\/vocesparalelas.com.ar\/sitio\/wp-content\/uploads\/2018\/08\/CABALGATA-18-300x200.jpg 300w, https:\/\/vocesparalelas.com.ar\/sitio\/wp-content\/uploads\/2018\/08\/CABALGATA-18-768x512.jpg 768w, https:\/\/vocesparalelas.com.ar\/sitio\/wp-content\/uploads\/2018\/08\/CABALGATA-18.jpg 1000w\" sizes=\"auto, (max-width: 800px) 100vw, 800px\" \/><\/p>\n<p><img loading=\"lazy\" decoding=\"async\" class=\"alignnone size-full wp-image-67149\" src=\"https:\/\/vocesparalelas.com.ar\/sitio\/wp-content\/uploads\/2023\/12\/RAWSON-LOGO-NUEVO.jpg\" alt=\"\" width=\"800\" height=\"533\" srcset=\"https:\/\/vocesparalelas.com.ar\/sitio\/wp-content\/uploads\/2023\/12\/RAWSON-LOGO-NUEVO.jpg 800w, https:\/\/vocesparalelas.com.ar\/sitio\/wp-content\/uploads\/2023\/12\/RAWSON-LOGO-NUEVO-300x200.jpg 300w, https:\/\/vocesparalelas.com.ar\/sitio\/wp-content\/uploads\/2023\/12\/RAWSON-LOGO-NUEVO-768x512.jpg 768w\" sizes=\"auto, (max-width: 800px) 100vw, 800px\" \/><\/p>\n","protected":false},"excerpt":{"rendered":"<p>La Municipalidad de la Ciudad de Rawson invita a la Cabalgata y Pe\u00f1a en Honor al Gaucho Jos\u00e9 Dolores, el<\/p>\n","protected":false},"author":3,"featured_media":14343,"comment_status":"closed","ping_status":"closed","sticky":false,"template":"","format":"standard","meta":{"_acf_changed":false,"_seopress_robots_primary_cat":"none","_seopress_titles_title":"","_seopress_titles_desc":"","_seopress_robots_index":"","colormag_page_container_layout":"default_layout","colormag_page_sidebar_layout":"default_layout","footnotes":""},"categories":[20],"tags":[],"class_list":["post-68827","post","type-post","status-publish","format-standard","has-post-thumbnail","hentry","category-cartelera"],"acf":[],"_links":{"self":[{"href":"https:\/\/vocesparalelas.com.ar\/sitio\/wp-json\/wp\/v2\/posts\/68827","targetHints":{"allow":["GET"]}}],"collection":[{"href":"https:\/\/vocesparalelas.com.ar\/sitio\/wp-json\/wp\/v2\/posts"}],"about":[{"href":"https:\/\/vocesparalelas.com.ar\/sitio\/wp-json\/wp\/v2\/types\/post"}],"author":[{"embeddable":true,"href":"https:\/\/vocesparalelas.com.ar\/sitio\/wp-json\/wp\/v2\/users\/3"}],"replies":[{"embeddable":true,"href":"https:\/\/vocesparalelas.com.ar\/sitio\/wp-json\/wp\/v2\/comments?post=68827"}],"version-history":[{"count":1,"href":"https:\/\/vocesparalelas.com.ar\/sitio\/wp-json\/wp\/v2\/posts\/68827\/revisions"}],"predecessor-version":[{"id":68830,"href":"https:\/\/vocesparalelas.com.ar\/sitio\/wp-json\/wp\/v2\/posts\/68827\/revisions\/68830"}],"wp:featuredmedia":[{"embeddable":true,"href":"https:\/\/vocesparalelas.com.ar\/sitio\/wp-json\/wp\/v2\/media\/14343"}],"wp:attachment":[{"href":"https:\/\/vocesparalelas.com.ar\/sitio\/wp-json\/wp\/v2\/media?parent=68827"}],"wp:term":[{"taxonomy":"category","embeddable":true,"href":"https:\/\/vocesparalelas.com.ar\/sitio\/wp-json\/wp\/v2\/categories?post=68827"},{"taxonomy":"post_tag","embeddable":true,"href":"https:\/\/vocesparalelas.com.ar\/sitio\/wp-json\/wp\/v2\/tags?post=68827"}],"curies":[{"name":"wp","href":"https:\/\/api.w.org\/{rel}","templated":true}]}}