{"id":68752,"date":"2024-02-02T10:16:32","date_gmt":"2024-02-02T13:16:32","guid":{"rendered":"https:\/\/vocesparalelas.com.ar\/sitio\/?p=68752"},"modified":"2024-02-04T12:21:05","modified_gmt":"2024-02-04T15:21:05","slug":"muestra-evolucion-de-eliana-femenia-y-gabriel-salomon","status":"publish","type":"post","link":"https:\/\/vocesparalelas.com.ar\/sitio\/muestra-evolucion-de-eliana-femenia-y-gabriel-salomon\/","title":{"rendered":"Muestra \u00abEvoluci\u00f3n\u00bb de Eliana Femenia y Gabriel Salom\u00f3n"},"content":{"rendered":"<p>El Viernes, 2 de Febrero, a las 20 horas, en el Centro Cultural Municipal Estaci\u00f3n San Mart\u00edn se inaugura muestra pict\u00f3rica \u00abEvoluci\u00f3n\u00bb de los artistas Eliana Femenia y Gabriel Salom\u00f3n, en el marco del Ciclo \u00abArte en la Ciudad\u00bb.<\/p>\n<p>Organizada por la Secretar\u00eda de Cultura, Turismo y Educaci\u00f3n de la Municipalidad de la Ciudad de San Juan cuya exposici\u00f3n promete una experiencia est\u00e9tica \u00fanica del 2 al 24 de Febrero, el publico puede disfrutarla con entrada libre y gratuita.<\/p>\n<p>\u00abEvoluci\u00f3n\u00bb re\u00fane cerca de 50 obras de la reconocida artista pl\u00e1stica Eliana Femen\u00eda y 18 piezas de Gabriel Salom\u00f3n. Estas creaciones, realizadas a lo largo del \u00faltimo a\u00f1o en el contexto de talleres de arte, reflejan la evoluci\u00f3n y la singularidad de cada artista en su pr\u00e1ctica creativa.<\/p>\n<p><img loading=\"lazy\" decoding=\"async\" class=\"alignnone size-large wp-image-68755\" src=\"https:\/\/vocesparalelas.com.ar\/sitio\/wp-content\/uploads\/2024\/01\/CAPITAL-ARTE-763x800.jpg\" alt=\"\" width=\"763\" height=\"800\" srcset=\"https:\/\/vocesparalelas.com.ar\/sitio\/wp-content\/uploads\/2024\/01\/CAPITAL-ARTE-763x800.jpg 763w, https:\/\/vocesparalelas.com.ar\/sitio\/wp-content\/uploads\/2024\/01\/CAPITAL-ARTE-286x300.jpg 286w, https:\/\/vocesparalelas.com.ar\/sitio\/wp-content\/uploads\/2024\/01\/CAPITAL-ARTE-768x805.jpg 768w, https:\/\/vocesparalelas.com.ar\/sitio\/wp-content\/uploads\/2024\/01\/CAPITAL-ARTE.jpg 800w\" sizes=\"auto, (max-width: 763px) 100vw, 763px\" \/><\/p>\n<p>La muestra se estructura en torno a dos ejes formales fundamentales. Desde una perspectiva t\u00e9cnica, se exploran diversas maneras de abordar lo pict\u00f3rico, fusionando la figuraci\u00f3n con la abstracci\u00f3n en el caso de Eliana Femen\u00eda, mientras que Gabriel Salom\u00f3n se adentra en la exploraci\u00f3n de la abstracci\u00f3n y su conexi\u00f3n con lo emocional.<\/p>\n<p>Este contraste y complementariedad entre las obras de ambos artistas promete ofrecer al espectador una experiencia visual rica y variada.<\/p>\n<p>&nbsp;<\/p>\n<p><img loading=\"lazy\" decoding=\"async\" class=\"alignnone size-full wp-image-67559\" src=\"https:\/\/vocesparalelas.com.ar\/sitio\/wp-content\/uploads\/2023\/12\/CAPITAL-SAN-JUAN-LOGO.png\" alt=\"\" width=\"800\" height=\"304\" srcset=\"https:\/\/vocesparalelas.com.ar\/sitio\/wp-content\/uploads\/2023\/12\/CAPITAL-SAN-JUAN-LOGO.png 800w, https:\/\/vocesparalelas.com.ar\/sitio\/wp-content\/uploads\/2023\/12\/CAPITAL-SAN-JUAN-LOGO-300x114.png 300w, https:\/\/vocesparalelas.com.ar\/sitio\/wp-content\/uploads\/2023\/12\/CAPITAL-SAN-JUAN-LOGO-768x292.png 768w\" sizes=\"auto, (max-width: 800px) 100vw, 800px\" \/><\/p>\n","protected":false},"excerpt":{"rendered":"<p>El Viernes, 2 de Febrero, a las 20 horas, en el Centro Cultural Municipal Estaci\u00f3n San Mart\u00edn se inaugura muestra<\/p>\n","protected":false},"author":3,"featured_media":4903,"comment_status":"closed","ping_status":"closed","sticky":false,"template":"","format":"standard","meta":{"_acf_changed":false,"_seopress_robots_primary_cat":"none","_seopress_titles_title":"","_seopress_titles_desc":"","_seopress_robots_index":"","colormag_page_container_layout":"default_layout","colormag_page_sidebar_layout":"default_layout","footnotes":""},"categories":[20],"tags":[],"class_list":["post-68752","post","type-post","status-publish","format-standard","has-post-thumbnail","hentry","category-cartelera"],"acf":[],"_links":{"self":[{"href":"https:\/\/vocesparalelas.com.ar\/sitio\/wp-json\/wp\/v2\/posts\/68752","targetHints":{"allow":["GET"]}}],"collection":[{"href":"https:\/\/vocesparalelas.com.ar\/sitio\/wp-json\/wp\/v2\/posts"}],"about":[{"href":"https:\/\/vocesparalelas.com.ar\/sitio\/wp-json\/wp\/v2\/types\/post"}],"author":[{"embeddable":true,"href":"https:\/\/vocesparalelas.com.ar\/sitio\/wp-json\/wp\/v2\/users\/3"}],"replies":[{"embeddable":true,"href":"https:\/\/vocesparalelas.com.ar\/sitio\/wp-json\/wp\/v2\/comments?post=68752"}],"version-history":[{"count":1,"href":"https:\/\/vocesparalelas.com.ar\/sitio\/wp-json\/wp\/v2\/posts\/68752\/revisions"}],"predecessor-version":[{"id":68756,"href":"https:\/\/vocesparalelas.com.ar\/sitio\/wp-json\/wp\/v2\/posts\/68752\/revisions\/68756"}],"wp:featuredmedia":[{"embeddable":true,"href":"https:\/\/vocesparalelas.com.ar\/sitio\/wp-json\/wp\/v2\/media\/4903"}],"wp:attachment":[{"href":"https:\/\/vocesparalelas.com.ar\/sitio\/wp-json\/wp\/v2\/media?parent=68752"}],"wp:term":[{"taxonomy":"category","embeddable":true,"href":"https:\/\/vocesparalelas.com.ar\/sitio\/wp-json\/wp\/v2\/categories?post=68752"},{"taxonomy":"post_tag","embeddable":true,"href":"https:\/\/vocesparalelas.com.ar\/sitio\/wp-json\/wp\/v2\/tags?post=68752"}],"curies":[{"name":"wp","href":"https:\/\/api.w.org\/{rel}","templated":true}]}}