{"id":68710,"date":"2024-01-29T22:05:35","date_gmt":"2024-01-30T01:05:35","guid":{"rendered":"https:\/\/vocesparalelas.com.ar\/sitio\/?p=68710"},"modified":"2024-01-30T01:05:53","modified_gmt":"2024-01-30T04:05:53","slug":"primera-asamblea-2024-de-cofetra","status":"publish","type":"post","link":"https:\/\/vocesparalelas.com.ar\/sitio\/primera-asamblea-2024-de-cofetra\/","title":{"rendered":"Primera Asamblea 2024 de COFETRA"},"content":{"rendered":"<p>El Director de Transporte del Ministerio de Gobierno de San Juan, Ing. Ernesto Garc\u00eda, en representaci\u00f3n del ministerio de Gobierno de San Juan, fue parte de la primera asamblea 2024 del Comit\u00e9 Federal de Transporte &#8211; COFETRA &#8211; realizada en la Casa de La Rioja, en Buenos Aires.<\/p>\n<p>En el encuentro, estuvieron presentes representantes de 22 provincias, quienes analizaron la compleja situaci\u00f3n del transporte p\u00fablico en el pa\u00eds y buscaron posibles soluciones para mejorar el sistema, \u201cel intercambio de experiencias entre las provincias es muy saludable para el sector\u201d, asegur\u00f3 Garc\u00eda.<\/p>\n<p>Luego del encuentro, el Director de Transporte del Ministerio de Gobierno de San Juan, Ing. Ernesto Garc\u00eda fue convocado a una reuni\u00f3n con el Secretario de Transporte de la Naci\u00f3n, Dr. Franco Mogetta, a quien puso al tanto de las novedades sobre transporte en San Juan.<\/p>\n<p>Por ello, destac\u00f3 que \u00abla importancia que tiene el transporte en la provincia de San Juan, donde vamos a usar todos los medios para lograr un sistema de calidad y excelencia como se merecen los usuarios\u201d.<\/p>\n<p><img loading=\"lazy\" decoding=\"async\" class=\"alignnone size-full wp-image-48168\" src=\"https:\/\/vocesparalelas.com.ar\/sitio\/wp-content\/uploads\/2022\/04\/REDTULUM-REANUDA-02.jpg\" alt=\"\" width=\"800\" height=\"600\" srcset=\"https:\/\/vocesparalelas.com.ar\/sitio\/wp-content\/uploads\/2022\/04\/REDTULUM-REANUDA-02.jpg 800w, https:\/\/vocesparalelas.com.ar\/sitio\/wp-content\/uploads\/2022\/04\/REDTULUM-REANUDA-02-300x225.jpg 300w, https:\/\/vocesparalelas.com.ar\/sitio\/wp-content\/uploads\/2022\/04\/REDTULUM-REANUDA-02-768x576.jpg 768w\" sizes=\"auto, (max-width: 800px) 100vw, 800px\" \/><\/p>\n","protected":false},"excerpt":{"rendered":"<p>El Director de Transporte del Ministerio de Gobierno de San Juan, Ing. Ernesto Garc\u00eda, en representaci\u00f3n del ministerio de Gobierno<\/p>\n","protected":false},"author":3,"featured_media":68713,"comment_status":"closed","ping_status":"closed","sticky":false,"template":"","format":"standard","meta":{"_acf_changed":false,"_seopress_robots_primary_cat":"none","_seopress_titles_title":"","_seopress_titles_desc":"","_seopress_robots_index":"","colormag_page_container_layout":"default_layout","colormag_page_sidebar_layout":"default_layout","footnotes":""},"categories":[1],"tags":[],"class_list":["post-68710","post","type-post","status-publish","format-standard","has-post-thumbnail","hentry","category-destacadas"],"acf":[],"_links":{"self":[{"href":"https:\/\/vocesparalelas.com.ar\/sitio\/wp-json\/wp\/v2\/posts\/68710","targetHints":{"allow":["GET"]}}],"collection":[{"href":"https:\/\/vocesparalelas.com.ar\/sitio\/wp-json\/wp\/v2\/posts"}],"about":[{"href":"https:\/\/vocesparalelas.com.ar\/sitio\/wp-json\/wp\/v2\/types\/post"}],"author":[{"embeddable":true,"href":"https:\/\/vocesparalelas.com.ar\/sitio\/wp-json\/wp\/v2\/users\/3"}],"replies":[{"embeddable":true,"href":"https:\/\/vocesparalelas.com.ar\/sitio\/wp-json\/wp\/v2\/comments?post=68710"}],"version-history":[{"count":1,"href":"https:\/\/vocesparalelas.com.ar\/sitio\/wp-json\/wp\/v2\/posts\/68710\/revisions"}],"predecessor-version":[{"id":68714,"href":"https:\/\/vocesparalelas.com.ar\/sitio\/wp-json\/wp\/v2\/posts\/68710\/revisions\/68714"}],"wp:featuredmedia":[{"embeddable":true,"href":"https:\/\/vocesparalelas.com.ar\/sitio\/wp-json\/wp\/v2\/media\/68713"}],"wp:attachment":[{"href":"https:\/\/vocesparalelas.com.ar\/sitio\/wp-json\/wp\/v2\/media?parent=68710"}],"wp:term":[{"taxonomy":"category","embeddable":true,"href":"https:\/\/vocesparalelas.com.ar\/sitio\/wp-json\/wp\/v2\/categories?post=68710"},{"taxonomy":"post_tag","embeddable":true,"href":"https:\/\/vocesparalelas.com.ar\/sitio\/wp-json\/wp\/v2\/tags?post=68710"}],"curies":[{"name":"wp","href":"https:\/\/api.w.org\/{rel}","templated":true}]}}