{"id":68547,"date":"2024-01-25T20:36:03","date_gmt":"2024-01-25T23:36:03","guid":{"rendered":"https:\/\/vocesparalelas.com.ar\/sitio\/?p=68547"},"modified":"2024-01-26T23:29:14","modified_gmt":"2024-01-27T02:29:14","slug":"convocatoria-propuestas-para-la-agenda-del-chalet-cantoni-2024-de-san-juan","status":"publish","type":"post","link":"https:\/\/vocesparalelas.com.ar\/sitio\/convocatoria-propuestas-para-la-agenda-del-chalet-cantoni-2024-de-san-juan\/","title":{"rendered":"Convocatoria \u00abPropuestas para la agenda del Chalet Cantoni 2024\u00bb de San Juan"},"content":{"rendered":"<p>El Ministerio de Turismo, Cultura y Deporte del Gobierno de San Juan abri\u00f3 la convocatoria para la presentaci\u00f3n de propuestas que integran la agenda de actividades del Chalet Cantoni 2024.<\/p>\n<p>Hasta el 29 de Febrero, los interesados podr\u00e1n inscribir proyectos individuales o colectivos, organizaciones, asociaciones o instituciones, tales como eventos, ferias, grabaciones, ciclos, exposiciones, reuniones, charlas, presentaciones, entre otros.<\/p>\n<p>El Chalet Cantoni es un espacio dedicado al desarrollo de actividades y proyectos culturales que abri\u00f3 sus puertas en 2022 y busca consolidarse como un nuevo polo del arte y la cultura sanjuaninas. En este marco,\u00a0la inscripci\u00f3n se realiza en forma on line\u00a0a trav\u00e9s de este\u00a0link<\/p>\n<p><a href=\"https:\/\/docs.google.com\/forms\/d\/1Jmj0_dwQDKJLxZI9ZQ6EYF13BvXZyZmHWSq-osHY5E8\/viewform?edit_requested=true\">https:\/\/docs.google.com\/forms\/d\/1Jmj0_dwQDKJLxZI9ZQ6EYF13BvXZyZmHWSq-osHY5E8\/viewform?edit_requested=true<\/a><\/p>\n<p>Cabe destacar que,\u00a0en los pr\u00f3ximos meses, habr\u00e1 una convocatoria aparte y espec\u00edfica para actividades de formaci\u00f3n\u00a0como talleres y cl\u00ednicas que tambi\u00e9n formar\u00e1n parte de la agenda fija del espacio.<\/p>\n<p><strong><span style=\"color: #339966;\">Los participantes se pueden comunicar para m\u00e1s informaci\u00f3n<\/span><\/strong><\/p>\n<ul>\n<li>mail <span id=\"cloak2a6bfc2f46c99aab6e581f536d9a34ac\"><a href=\"mailto:chaletcantoni.ic@gmail.com\">chaletcantoni.ic@gmail.com<\/a><\/span>,<\/li>\n<li>tel\u00e9fono 4233995 o<\/li>\n<li>modo presencial de Lunes a Viernes, de 10 a 13 hs.; en Avenida Libertador 3317 &#8211; O &#8211; Rivadavia.<\/li>\n<\/ul>\n","protected":false},"excerpt":{"rendered":"<p>El Ministerio de Turismo, Cultura y Deporte del Gobierno de San Juan abri\u00f3 la convocatoria para la presentaci\u00f3n de propuestas<\/p>\n","protected":false},"author":3,"featured_media":46297,"comment_status":"closed","ping_status":"closed","sticky":false,"template":"","format":"standard","meta":{"_acf_changed":false,"_seopress_robots_primary_cat":"none","_seopress_titles_title":"","_seopress_titles_desc":"","_seopress_robots_index":"","colormag_page_container_layout":"default_layout","colormag_page_sidebar_layout":"default_layout","footnotes":""},"categories":[2],"tags":[],"class_list":["post-68547","post","type-post","status-publish","format-standard","has-post-thumbnail","hentry","category-convocatorias"],"acf":[],"_links":{"self":[{"href":"https:\/\/vocesparalelas.com.ar\/sitio\/wp-json\/wp\/v2\/posts\/68547","targetHints":{"allow":["GET"]}}],"collection":[{"href":"https:\/\/vocesparalelas.com.ar\/sitio\/wp-json\/wp\/v2\/posts"}],"about":[{"href":"https:\/\/vocesparalelas.com.ar\/sitio\/wp-json\/wp\/v2\/types\/post"}],"author":[{"embeddable":true,"href":"https:\/\/vocesparalelas.com.ar\/sitio\/wp-json\/wp\/v2\/users\/3"}],"replies":[{"embeddable":true,"href":"https:\/\/vocesparalelas.com.ar\/sitio\/wp-json\/wp\/v2\/comments?post=68547"}],"version-history":[{"count":3,"href":"https:\/\/vocesparalelas.com.ar\/sitio\/wp-json\/wp\/v2\/posts\/68547\/revisions"}],"predecessor-version":[{"id":68552,"href":"https:\/\/vocesparalelas.com.ar\/sitio\/wp-json\/wp\/v2\/posts\/68547\/revisions\/68552"}],"wp:featuredmedia":[{"embeddable":true,"href":"https:\/\/vocesparalelas.com.ar\/sitio\/wp-json\/wp\/v2\/media\/46297"}],"wp:attachment":[{"href":"https:\/\/vocesparalelas.com.ar\/sitio\/wp-json\/wp\/v2\/media?parent=68547"}],"wp:term":[{"taxonomy":"category","embeddable":true,"href":"https:\/\/vocesparalelas.com.ar\/sitio\/wp-json\/wp\/v2\/categories?post=68547"},{"taxonomy":"post_tag","embeddable":true,"href":"https:\/\/vocesparalelas.com.ar\/sitio\/wp-json\/wp\/v2\/tags?post=68547"}],"curies":[{"name":"wp","href":"https:\/\/api.w.org\/{rel}","templated":true}]}}